{"id":5648,"date":"2026-04-23T12:27:02","date_gmt":"2026-04-23T15:27:02","guid":{"rendered":"https:\/\/guiacataguases.com.br\/nova\/policia\/cachorro-e-morto-a-tiros-em-lajinha-militar-da-reserva-e-suspeito\/"},"modified":"2026-04-23T12:27:02","modified_gmt":"2026-04-23T15:27:02","slug":"cachorro-e-morto-a-tiros-em-lajinha-militar-da-reserva-e-suspeito","status":"publish","type":"post","link":"https:\/\/guiacataguases.com.br\/nova\/policia\/cachorro-e-morto-a-tiros-em-lajinha-militar-da-reserva-e-suspeito\/","title":{"rendered":"Cachorro \u00e9 morto a tiros em Lajinha; militar da reserva \u00e9 suspeito"},"content":{"rendered":"<p><i>Caso levanta preocupa\u00e7\u00f5es sobre a seguran\u00e7a animal na regi\u00e3o<\/i><\/p>\n<hr>\n<p>Um cachorro foi morto a tiros na cidade de Lajinha, na Zona da Mata Mineira, gerando indigna\u00e7\u00e3o entre os moradores locais. O incidente ocorreu em uma \u00e1rea residencial, e um militar da reserva foi apontado como o principal suspeito do crime.<\/p>\n<p>Testemunhas relataram que ouviram disparos e, ao sa\u00edrem para verificar o que havia acontecido, encontraram o animal ferido. A situa\u00e7\u00e3o alarmou os vizinhos, que imediatamente acionaram as autoridades competentes. A Pol\u00edcia Militar foi chamada para investigar o caso e coletar informa\u00e7\u00f5es sobre o ocorrido.<\/p>\n<p>O militar da reserva, que ainda n\u00e3o teve seu nome divulgado, \u00e9 investigado pela pol\u00edcia e pode enfrentar consequ\u00eancias legais por suas a\u00e7\u00f5es. A morte do cachorro gerou um debate sobre a prote\u00e7\u00e3o dos animais na regi\u00e3o e a necessidade de medidas mais rigorosas para prevenir casos semelhantes no futuro.<\/p>\n<p>A comunidade de Lajinha aguarda por esclarecimentos e justi\u00e7a em rela\u00e7\u00e3o ao caso, que destaca a import\u00e2ncia da responsabilidade no tratamento dos animais e a necessidade de a\u00e7\u00f5es efetivas contra a viol\u00eancia animal.<\/p>\n","protected":false},"excerpt":{"rendered":"<p>Cachorro \u00e9 morto a tiros em Lajinha e militar da reserva \u00e9 apontado como suspeito.<\/p>\n","protected":false},"author":5,"featured_media":3377,"comment_status":"closed","ping_status":"open","sticky":false,"template":"","format":"standard","meta":{"footnotes":""},"categories":[1361],"tags":[1736,3712,3714,1419,3713],"class_list":["post-5648","post","type-post","status-publish","format-standard","has-post-thumbnail","hentry","category-policia","tag-justica","tag-lajinha","tag-militar-da-reserva","tag-policia","tag-violencia-animal"],"_links":{"self":[{"href":"https:\/\/guiacataguases.com.br\/nova\/wp-json\/wp\/v2\/posts\/5648","targetHints":{"allow":["GET"]}}],"collection":[{"href":"https:\/\/guiacataguases.com.br\/nova\/wp-json\/wp\/v2\/posts"}],"about":[{"href":"https:\/\/guiacataguases.com.br\/nova\/wp-json\/wp\/v2\/types\/post"}],"author":[{"embeddable":true,"href":"https:\/\/guiacataguases.com.br\/nova\/wp-json\/wp\/v2\/users\/5"}],"replies":[{"embeddable":true,"href":"https:\/\/guiacataguases.com.br\/nova\/wp-json\/wp\/v2\/comments?post=5648"}],"version-history":[{"count":0,"href":"https:\/\/guiacataguases.com.br\/nova\/wp-json\/wp\/v2\/posts\/5648\/revisions"}],"wp:featuredmedia":[{"embeddable":true,"href":"https:\/\/guiacataguases.com.br\/nova\/wp-json\/wp\/v2\/media\/3377"}],"wp:attachment":[{"href":"https:\/\/guiacataguases.com.br\/nova\/wp-json\/wp\/v2\/media?parent=5648"}],"wp:term":[{"taxonomy":"category","embeddable":true,"href":"https:\/\/guiacataguases.com.br\/nova\/wp-json\/wp\/v2\/categories?post=5648"},{"taxonomy":"post_tag","embeddable":true,"href":"https:\/\/guiacataguases.com.br\/nova\/wp-json\/wp\/v2\/tags?post=5648"}],"curies":[{"name":"wp","href":"https:\/\/api.w.org\/{rel}","templated":true}]}}