{"id":5745,"date":"2026-04-26T16:32:10","date_gmt":"2026-04-26T19:32:10","guid":{"rendered":"https:\/\/guiacataguases.com.br\/nova\/policia\/gerente-de-padaria-denuncia-injuria-racial-de-cliente-em-governador-valadares\/"},"modified":"2026-04-26T16:32:10","modified_gmt":"2026-04-26T19:32:10","slug":"gerente-de-padaria-denuncia-injuria-racial-de-cliente-em-governador-valadares","status":"publish","type":"post","link":"https:\/\/guiacataguases.com.br\/nova\/policia\/gerente-de-padaria-denuncia-injuria-racial-de-cliente-em-governador-valadares\/","title":{"rendered":"Gerente de padaria denuncia inj\u00faria racial de cliente em Governador Valadares"},"content":{"rendered":"<p><i>Mulher de 68 anos \u00e9 acusada de ofensas racistas contra funcion\u00e1ria do estabelecimento.<\/i><\/p>\n<hr>\n<p>Uma gerente comercial de 40 anos de uma padaria em Governador Valadares, no Vale do Rio Doce, registrou uma den\u00fancia de inj\u00faria racial contra uma cliente de 68 anos, neste s\u00e1bado (25). A v\u00edtima relatou aos policiais que as agress\u00f5es verbais por parte da idosa s\u00e3o frequentes. No entanto, no dia do ocorrido, a gerente estava do lado de fora do estabelecimento, se preparando para fazer entregas, quando foi abordada pela suspeita. Durante a abordagem, a idosa teria dito que &#8216;a porta da senzala est\u00e1 aberta&#8217;, al\u00e9m de proferir outros xingamentos de teor racista.<\/p>\n<p>Os policiais foram at\u00e9 a resid\u00eancia da suspeita, mas n\u00e3o conseguiram encontr\u00e1-la. Uma testemunha de 31 anos, que n\u00e3o presenciou o incidente espec\u00edfico, informou que j\u00e1 viu a idosa praticando inj\u00farias raciais e humilha\u00e7\u00f5es contra a funcion\u00e1ria e outros empregados da padaria em diversas ocasi\u00f5es. A ocorr\u00eancia foi registrada na 3\u00aa Delegacia de Pol\u00edcia Civil de Governador Valadares e ser\u00e1 investigada pelas autoridades competentes.<\/p>\n<p>Desde janeiro de 2023, a inj\u00faria racial passou a ser equiparada ao crime de racismo, segundo a nova legisla\u00e7\u00e3o que altera o C\u00f3digo Penal. Com isso, as ofensas raciais podem resultar em pena de pris\u00e3o de dois a cinco anos, al\u00e9m de multa. A lei visa coibir pr\u00e1ticas discriminat\u00f3rias e garantir a dignidade de todas as pessoas, independentemente de sua ra\u00e7a ou etnia.<\/p>\n","protected":false},"excerpt":{"rendered":"<p>Gerente de padaria denuncia inj\u00faria racial de cliente em Governador Valadares. A idosa \u00e9 acusada de ofensas racistas constantes.<\/p>\n","protected":false},"author":5,"featured_media":3377,"comment_status":"closed","ping_status":"open","sticky":false,"template":"","format":"standard","meta":{"footnotes":""},"categories":[1361],"tags":[2337,3817,3818,1419,2553],"class_list":["post-5745","post","type-post","status-publish","format-standard","has-post-thumbnail","hentry","category-policia","tag-governador-valadares","tag-injuria-racial","tag-padaria","tag-policia","tag-racismo"],"_links":{"self":[{"href":"https:\/\/guiacataguases.com.br\/nova\/wp-json\/wp\/v2\/posts\/5745","targetHints":{"allow":["GET"]}}],"collection":[{"href":"https:\/\/guiacataguases.com.br\/nova\/wp-json\/wp\/v2\/posts"}],"about":[{"href":"https:\/\/guiacataguases.com.br\/nova\/wp-json\/wp\/v2\/types\/post"}],"author":[{"embeddable":true,"href":"https:\/\/guiacataguases.com.br\/nova\/wp-json\/wp\/v2\/users\/5"}],"replies":[{"embeddable":true,"href":"https:\/\/guiacataguases.com.br\/nova\/wp-json\/wp\/v2\/comments?post=5745"}],"version-history":[{"count":0,"href":"https:\/\/guiacataguases.com.br\/nova\/wp-json\/wp\/v2\/posts\/5745\/revisions"}],"wp:featuredmedia":[{"embeddable":true,"href":"https:\/\/guiacataguases.com.br\/nova\/wp-json\/wp\/v2\/media\/3377"}],"wp:attachment":[{"href":"https:\/\/guiacataguases.com.br\/nova\/wp-json\/wp\/v2\/media?parent=5745"}],"wp:term":[{"taxonomy":"category","embeddable":true,"href":"https:\/\/guiacataguases.com.br\/nova\/wp-json\/wp\/v2\/categories?post=5745"},{"taxonomy":"post_tag","embeddable":true,"href":"https:\/\/guiacataguases.com.br\/nova\/wp-json\/wp\/v2\/tags?post=5745"}],"curies":[{"name":"wp","href":"https:\/\/api.w.org\/{rel}","templated":true}]}}