{"id":5749,"date":"2026-04-27T02:31:53","date_gmt":"2026-04-27T05:31:53","guid":{"rendered":"https:\/\/guiacataguases.com.br\/nova\/politica\/prefeito-de-mirai-e-processado-por-improbidade-administrativa\/"},"modified":"2026-04-27T02:31:53","modified_gmt":"2026-04-27T05:31:53","slug":"prefeito-de-mirai-e-processado-por-improbidade-administrativa","status":"publish","type":"post","link":"https:\/\/guiacataguases.com.br\/nova\/politica\/prefeito-de-mirai-e-processado-por-improbidade-administrativa\/","title":{"rendered":"Prefeito de Mira\u00ed \u00e9 processado por improbidade administrativa"},"content":{"rendered":"<p><i>A\u00e7\u00e3o judicial foi motivada por den\u00fancias de contrata\u00e7\u00f5es irregulares.<\/i><\/p>\n<hr>\n<p>O prefeito de Mira\u00ed, munic\u00edpio localizado na Zona da Mata Mineira, tornou-se alvo de uma a\u00e7\u00e3o judicial por improbidade administrativa. A medida foi tomada ap\u00f3s den\u00fancias que apontaram irregularidades nas contrata\u00e7\u00f5es realizadas pela administra\u00e7\u00e3o municipal.<\/p>\n<p>As acusa\u00e7\u00f5es envolvem a falta de transpar\u00eancia e a aus\u00eancia de processos licitat\u00f3rios adequados, o que levanta s\u00e9rias preocupa\u00e7\u00f5es sobre a legalidade das contrata\u00e7\u00f5es feitas nos \u00faltimos meses. A a\u00e7\u00e3o foi protocolada por um grupo de cidad\u00e3os que se mobilizou para denunciar as pr\u00e1ticas que consideram prejudiciais ao er\u00e1rio p\u00fablico.<\/p>\n<p>As investiga\u00e7\u00f5es devem analisar detalhadamente os contratos firmados e a forma como foram conduzidos, buscando garantir que a gest\u00e3o p\u00fablica cumpra com os princ\u00edpios de moralidade e legalidade. A expectativa \u00e9 que o caso ganhe desdobramentos e que a Justi\u00e7a se pronuncie sobre as irregularidades apontadas.<\/p>\n","protected":false},"excerpt":{"rendered":"<p>Prefeito de Mira\u00ed enfrenta a\u00e7\u00e3o por improbidade administrativa devido a contrata\u00e7\u00f5es irregulares.<\/p>\n","protected":false},"author":5,"featured_media":3323,"comment_status":"closed","ping_status":"open","sticky":false,"template":"","format":"standard","meta":{"footnotes":""},"categories":[1360],"tags":[2485,3823,3741,1678,2054],"class_list":["post-5749","post","type-post","status-publish","format-standard","has-post-thumbnail","hentry","category-politica","tag-administracao-publica","tag-denuncias","tag-improbidade","tag-mirai","tag-prefeito"],"_links":{"self":[{"href":"https:\/\/guiacataguases.com.br\/nova\/wp-json\/wp\/v2\/posts\/5749","targetHints":{"allow":["GET"]}}],"collection":[{"href":"https:\/\/guiacataguases.com.br\/nova\/wp-json\/wp\/v2\/posts"}],"about":[{"href":"https:\/\/guiacataguases.com.br\/nova\/wp-json\/wp\/v2\/types\/post"}],"author":[{"embeddable":true,"href":"https:\/\/guiacataguases.com.br\/nova\/wp-json\/wp\/v2\/users\/5"}],"replies":[{"embeddable":true,"href":"https:\/\/guiacataguases.com.br\/nova\/wp-json\/wp\/v2\/comments?post=5749"}],"version-history":[{"count":0,"href":"https:\/\/guiacataguases.com.br\/nova\/wp-json\/wp\/v2\/posts\/5749\/revisions"}],"wp:featuredmedia":[{"embeddable":true,"href":"https:\/\/guiacataguases.com.br\/nova\/wp-json\/wp\/v2\/media\/3323"}],"wp:attachment":[{"href":"https:\/\/guiacataguases.com.br\/nova\/wp-json\/wp\/v2\/media?parent=5749"}],"wp:term":[{"taxonomy":"category","embeddable":true,"href":"https:\/\/guiacataguases.com.br\/nova\/wp-json\/wp\/v2\/categories?post=5749"},{"taxonomy":"post_tag","embeddable":true,"href":"https:\/\/guiacataguases.com.br\/nova\/wp-json\/wp\/v2\/tags?post=5749"}],"curies":[{"name":"wp","href":"https:\/\/api.w.org\/{rel}","templated":true}]}}