{"id":5750,"date":"2026-04-27T02:32:04","date_gmt":"2026-04-27T05:32:04","guid":{"rendered":"https:\/\/guiacataguases.com.br\/nova\/economia\/bandeira-amarela-aumenta-tarifa-de-energia-no-brasil-a-partir-de-maio\/"},"modified":"2026-04-27T02:32:04","modified_gmt":"2026-04-27T05:32:04","slug":"bandeira-amarela-aumenta-tarifa-de-energia-no-brasil-a-partir-de-maio","status":"publish","type":"post","link":"https:\/\/guiacataguases.com.br\/nova\/economia\/bandeira-amarela-aumenta-tarifa-de-energia-no-brasil-a-partir-de-maio\/","title":{"rendered":"Bandeira Amarela Aumenta Tarifa de Energia no Brasil a Partir de Maio"},"content":{"rendered":"<p><i>Mudan\u00e7a na bandeira tarif\u00e1ria impacta contas de luz em todo o pa\u00eds.<\/i><\/p>\n<hr>\n<p>A partir de maio, a bandeira amarela ser\u00e1 acionada no Brasil, resultando em um aumento nas tarifas de energia el\u00e9trica. Essa mudan\u00e7a, implementada pela Ag\u00eancia Nacional de Energia El\u00e9trica (ANEEL), ter\u00e1 impacto direto nas contas de luz dos consumidores em todo o pa\u00eds.<\/p>\n<p>A bandeira amarela indica que os custos de gera\u00e7\u00e3o de energia est\u00e3o acima do normal, o que leva a um acr\u00e9scimo na tarifa. Os consumidores devem se preparar para um aumento significativo no valor de suas faturas, refletindo a necessidade de compensar os custos de produ\u00e7\u00e3o de energia.<\/p>\n<p>Especialistas alertam que o acionamento da bandeira amarela pode ser um reflexo de fatores como a diminui\u00e7\u00e3o do n\u00edvel dos reservat\u00f3rios das hidrel\u00e9tricas e o aumento da demanda por energia. A medida visa garantir a continuidade do fornecimento, mas traz desafios financeiros para os consumidores.<\/p>\n<p>A ANEEL recomenda que os usu\u00e1rios adotem pr\u00e1ticas de economia de energia para mitigar o impacto financeiro. A mudan\u00e7a na bandeira tarif\u00e1ria \u00e9 uma das v\u00e1rias estrat\u00e9gias que o governo est\u00e1 utilizando para lidar com a crise h\u00eddrica e os custos crescentes de gera\u00e7\u00e3o de energia, que t\u00eam afetado o setor el\u00e9trico nos \u00faltimos meses.<\/p>\n","protected":false},"excerpt":{"rendered":"<p>Bandeira amarela entra em vigor em maio, aumentando tarifas de energia el\u00e9trica no Brasil.<\/p>\n","protected":false},"author":5,"featured_media":3376,"comment_status":"closed","ping_status":"open","sticky":false,"template":"","format":"standard","meta":{"footnotes":""},"categories":[1366],"tags":[3126,3825,3824,3653,2169],"class_list":["post-5750","post","type-post","status-publish","format-standard","has-post-thumbnail","hentry","category-economia","tag-aneel","tag-aumento-tarifario","tag-bandeira-tarifaria","tag-conta-de-luz","tag-energia"],"_links":{"self":[{"href":"https:\/\/guiacataguases.com.br\/nova\/wp-json\/wp\/v2\/posts\/5750","targetHints":{"allow":["GET"]}}],"collection":[{"href":"https:\/\/guiacataguases.com.br\/nova\/wp-json\/wp\/v2\/posts"}],"about":[{"href":"https:\/\/guiacataguases.com.br\/nova\/wp-json\/wp\/v2\/types\/post"}],"author":[{"embeddable":true,"href":"https:\/\/guiacataguases.com.br\/nova\/wp-json\/wp\/v2\/users\/5"}],"replies":[{"embeddable":true,"href":"https:\/\/guiacataguases.com.br\/nova\/wp-json\/wp\/v2\/comments?post=5750"}],"version-history":[{"count":0,"href":"https:\/\/guiacataguases.com.br\/nova\/wp-json\/wp\/v2\/posts\/5750\/revisions"}],"wp:featuredmedia":[{"embeddable":true,"href":"https:\/\/guiacataguases.com.br\/nova\/wp-json\/wp\/v2\/media\/3376"}],"wp:attachment":[{"href":"https:\/\/guiacataguases.com.br\/nova\/wp-json\/wp\/v2\/media?parent=5750"}],"wp:term":[{"taxonomy":"category","embeddable":true,"href":"https:\/\/guiacataguases.com.br\/nova\/wp-json\/wp\/v2\/categories?post=5750"},{"taxonomy":"post_tag","embeddable":true,"href":"https:\/\/guiacataguases.com.br\/nova\/wp-json\/wp\/v2\/tags?post=5750"}],"curies":[{"name":"wp","href":"https:\/\/api.w.org\/{rel}","templated":true}]}}