{"id":5755,"date":"2026-04-27T13:30:30","date_gmt":"2026-04-27T16:30:30","guid":{"rendered":"https:\/\/guiacataguases.com.br\/nova\/policia\/detento-em-muriae-e-suspeito-de-esquartejar-colega-de-cela-e-denuncia-tortura\/"},"modified":"2026-04-27T13:30:30","modified_gmt":"2026-04-27T16:30:30","slug":"detento-em-muriae-e-suspeito-de-esquartejar-colega-de-cela-e-denuncia-tortura","status":"publish","type":"post","link":"https:\/\/guiacataguases.com.br\/nova\/policia\/detento-em-muriae-e-suspeito-de-esquartejar-colega-de-cela-e-denuncia-tortura\/","title":{"rendered":"Detento em Muria\u00e9 \u00e9 suspeito de esquartejar colega de cela e denuncia tortura"},"content":{"rendered":"<p><i>Ap\u00f3s transfer\u00eancia, preso relata maus-tratos e viol\u00eancia na unidade prisional<\/i><\/p>\n<hr>\n<p>Um detento em Muria\u00e9, Minas Gerais, \u00e9 suspeito de ter esquartejado um colega de cela. A situa\u00e7\u00e3o ocorreu em um pres\u00eddio da cidade, onde o preso, ap\u00f3s ser transferido, denunciou supostos casos de tortura e maus-tratos que teria enfrentado na nova unidade. A den\u00fancia foi feita \u00e0 equipe de direitos humanos, que agora investiga as alega\u00e7\u00f5es de viol\u00eancia. A Secretaria de Administra\u00e7\u00e3o Prisional (SAP) foi notificada sobre o caso e deve se pronunciar sobre as acusa\u00e7\u00f5es em breve.<\/p>\n<p>As circunst\u00e2ncias que levaram ao crime ainda est\u00e3o sendo apuradas pelas autoridades competentes. A v\u00edtima do esquartejamento, que n\u00e3o teve a identidade revelada, foi encontrada em estado cr\u00edtico. O detento suspeito, que tamb\u00e9m n\u00e3o teve o nome divulgado, afirma que os epis\u00f3dios de tortura ocorreram ap\u00f3s sua transfer\u00eancia, levantando preocupa\u00e7\u00f5es sobre a seguran\u00e7a e as condi\u00e7\u00f5es dentro do sistema prisional de Minas Gerais.<\/p>\n<p>A situa\u00e7\u00e3o destaca a necessidade de uma investiga\u00e7\u00e3o minuciosa para garantir a integridade dos presos e a preven\u00e7\u00e3o de abusos nas unidades prisionais. A comunidade local aguarda mais informa\u00e7\u00f5es sobre o desdobramento deste caso, que exp\u00f5e a grave realidade enfrentada por muitos detentos no estado.<\/p>\n","protected":false},"excerpt":{"rendered":"<p>Detento em Muria\u00e9 \u00e9 suspeito de esquartejar colega de cela e denuncia tortura ap\u00f3s transfer\u00eancia.<\/p>\n","protected":false},"author":5,"featured_media":3377,"comment_status":"closed","ping_status":"open","sticky":false,"template":"","format":"standard","meta":{"footnotes":""},"categories":[1361],"tags":[2992,3774,1249,1409,3831],"class_list":["post-5755","post","type-post","status-publish","format-standard","has-post-thumbnail","hentry","category-policia","tag-detento","tag-esquartejamento","tag-muriae","tag-prisao","tag-tortura"],"_links":{"self":[{"href":"https:\/\/guiacataguases.com.br\/nova\/wp-json\/wp\/v2\/posts\/5755","targetHints":{"allow":["GET"]}}],"collection":[{"href":"https:\/\/guiacataguases.com.br\/nova\/wp-json\/wp\/v2\/posts"}],"about":[{"href":"https:\/\/guiacataguases.com.br\/nova\/wp-json\/wp\/v2\/types\/post"}],"author":[{"embeddable":true,"href":"https:\/\/guiacataguases.com.br\/nova\/wp-json\/wp\/v2\/users\/5"}],"replies":[{"embeddable":true,"href":"https:\/\/guiacataguases.com.br\/nova\/wp-json\/wp\/v2\/comments?post=5755"}],"version-history":[{"count":0,"href":"https:\/\/guiacataguases.com.br\/nova\/wp-json\/wp\/v2\/posts\/5755\/revisions"}],"wp:featuredmedia":[{"embeddable":true,"href":"https:\/\/guiacataguases.com.br\/nova\/wp-json\/wp\/v2\/media\/3377"}],"wp:attachment":[{"href":"https:\/\/guiacataguases.com.br\/nova\/wp-json\/wp\/v2\/media?parent=5755"}],"wp:term":[{"taxonomy":"category","embeddable":true,"href":"https:\/\/guiacataguases.com.br\/nova\/wp-json\/wp\/v2\/categories?post=5755"},{"taxonomy":"post_tag","embeddable":true,"href":"https:\/\/guiacataguases.com.br\/nova\/wp-json\/wp\/v2\/tags?post=5755"}],"curies":[{"name":"wp","href":"https:\/\/api.w.org\/{rel}","templated":true}]}}