{"id":5756,"date":"2026-04-27T13:30:44","date_gmt":"2026-04-27T16:30:44","guid":{"rendered":"https:\/\/guiacataguases.com.br\/nova\/cultura\/prefeitura-de-cataguases-homenageia-professor-adellunar-marge-em-reforma-de-calcada\/"},"modified":"2026-04-27T13:30:44","modified_gmt":"2026-04-27T16:30:44","slug":"prefeitura-de-cataguases-homenageia-professor-adellunar-marge-em-reforma-de-calcada","status":"publish","type":"post","link":"https:\/\/guiacataguases.com.br\/nova\/cultura\/prefeitura-de-cataguases-homenageia-professor-adellunar-marge-em-reforma-de-calcada\/","title":{"rendered":"Prefeitura de Cataguases homenageia professor Adellunar Marge em reforma de cal\u00e7ada"},"content":{"rendered":"<p><i>Cerim\u00f4nia marca a revitaliza\u00e7\u00e3o da Pra\u00e7a Coronel Pacheco de Medeiros com tributo ao educador.<\/i><\/p>\n<hr>\n<p>A Prefeitura de Cataguases prestou uma homenagem ao professor Adellunar Marge durante a reforma do cal\u00e7amento da Pra\u00e7a Coronel Pacheco de Medeiros. A cerim\u00f4nia, realizada na \u00faltima quinta-feira, contou com a presen\u00e7a de familiares, amigos e autoridades locais, que reconheceram a contribui\u00e7\u00e3o do educador para a comunidade.<\/p>\n<p>O projeto de revitaliza\u00e7\u00e3o da pra\u00e7a, um dos pontos centrais da cidade, visa n\u00e3o apenas melhorar a infraestrutura, mas tamb\u00e9m valorizar a hist\u00f3ria e as pessoas que contribu\u00edram para o desenvolvimento da regi\u00e3o. O professor Adellunar Marge, conhecido por seu trabalho na educa\u00e7\u00e3o, foi lembrado por seu legado e dedica\u00e7\u00e3o ao ensino.<\/p>\n<p>Durante o evento, o prefeito destacou a import\u00e2ncia de homenagear figuras que marcaram a hist\u00f3ria local, ressaltando que a educa\u00e7\u00e3o \u00e9 um pilar fundamental para o progresso da sociedade. A reforma do cal\u00e7amento \u00e9 uma parte do esfor\u00e7o cont\u00ednuo da administra\u00e7\u00e3o municipal em embelezar e tornar os espa\u00e7os p\u00fablicos mais acess\u00edveis e agrad\u00e1veis para os cidad\u00e3os.<\/p>\n<p>A Pra\u00e7a Coronel Pacheco de Medeiros, agora revitalizada, promete ser um espa\u00e7o ainda mais convidativo para eventos culturais e atividades comunit\u00e1rias, refletindo o compromisso da Prefeitura com a qualidade de vida dos moradores de Cataguases.<\/p>\n","protected":false},"excerpt":{"rendered":"<p>Prefeitura de Cataguases homenageia professor Adellunar Marge em reforma da Pra\u00e7a Coronel Pacheco de Medeiros.<\/p>\n","protected":false},"author":5,"featured_media":3303,"comment_status":"closed","ping_status":"open","sticky":false,"template":"","format":"standard","meta":{"footnotes":""},"categories":[1364],"tags":[1201,1520,1813,3832,2864],"class_list":["post-5756","post","type-post","status-publish","format-standard","has-post-thumbnail","hentry","category-cultura","tag-cataguases","tag-educacao","tag-homenagem","tag-praca","tag-professor"],"_links":{"self":[{"href":"https:\/\/guiacataguases.com.br\/nova\/wp-json\/wp\/v2\/posts\/5756","targetHints":{"allow":["GET"]}}],"collection":[{"href":"https:\/\/guiacataguases.com.br\/nova\/wp-json\/wp\/v2\/posts"}],"about":[{"href":"https:\/\/guiacataguases.com.br\/nova\/wp-json\/wp\/v2\/types\/post"}],"author":[{"embeddable":true,"href":"https:\/\/guiacataguases.com.br\/nova\/wp-json\/wp\/v2\/users\/5"}],"replies":[{"embeddable":true,"href":"https:\/\/guiacataguases.com.br\/nova\/wp-json\/wp\/v2\/comments?post=5756"}],"version-history":[{"count":0,"href":"https:\/\/guiacataguases.com.br\/nova\/wp-json\/wp\/v2\/posts\/5756\/revisions"}],"wp:featuredmedia":[{"embeddable":true,"href":"https:\/\/guiacataguases.com.br\/nova\/wp-json\/wp\/v2\/media\/3303"}],"wp:attachment":[{"href":"https:\/\/guiacataguases.com.br\/nova\/wp-json\/wp\/v2\/media?parent=5756"}],"wp:term":[{"taxonomy":"category","embeddable":true,"href":"https:\/\/guiacataguases.com.br\/nova\/wp-json\/wp\/v2\/categories?post=5756"},{"taxonomy":"post_tag","embeddable":true,"href":"https:\/\/guiacataguases.com.br\/nova\/wp-json\/wp\/v2\/tags?post=5756"}],"curies":[{"name":"wp","href":"https:\/\/api.w.org\/{rel}","templated":true}]}}