{"id":5761,"date":"2026-04-27T15:32:01","date_gmt":"2026-04-27T18:32:01","guid":{"rendered":"https:\/\/guiacataguases.com.br\/nova\/cultura\/morre-marcos-petrillo-icone-do-rock-e-da-cultura-em-juiz-de-fora\/"},"modified":"2026-04-27T15:32:01","modified_gmt":"2026-04-27T18:32:01","slug":"morre-marcos-petrillo-icone-do-rock-e-da-cultura-em-juiz-de-fora","status":"publish","type":"post","link":"https:\/\/guiacataguases.com.br\/nova\/cultura\/morre-marcos-petrillo-icone-do-rock-e-da-cultura-em-juiz-de-fora\/","title":{"rendered":"Morre Marcos Petrillo, \u00edcone do rock e da cultura em Juiz de Fora"},"content":{"rendered":"<p><i>Produtor cultural faleceu aos 67 anos, deixando um legado marcante na cena musical.<\/i><\/p>\n<hr>\n<p>Marcos Petrillo, renomado produtor cultural e figura central na cena do rock em Juiz de Fora, faleceu no \u00faltimo domingo (26), aos 67 anos, em Palma, na Zona da Mata mineira. A causa da morte n\u00e3o foi divulgada, mas sua contribui\u00e7\u00e3o para a cultura local \u00e9 amplamente reconhecida, especialmente a partir da d\u00e9cada de 1980.<\/p>\n<p>A Funda\u00e7\u00e3o Cultural Alfredo Ferreira Lage (Funalfa) expressou profundo pesar pela perda de Petrillo, ressaltando seu papel fundamental na promo\u00e7\u00e3o de festivais que deram visibilidade \u00e0 m\u00fasica autoral da regi\u00e3o. Em nota, a Funalfa destacou: &#8220;A cultura de Juiz de Fora se despede de um de seus grandes nomes. Vision\u00e1rio, ele esteve \u00e0 frente da produ\u00e7\u00e3o de festivais que marcaram \u00e9poca e ajudaram a abrir caminhos para a m\u00fasica local.&#8221;<\/p>\n<p>Al\u00e9m de sua atua\u00e7\u00e3o em festivais, a trajet\u00f3ria de Marcos Petrillo foi celebrada em vida, incluindo a produ\u00e7\u00e3o de um document\u00e1rio em sua homenagem. A Funalfa tamb\u00e9m se solidarizou com amigos e familiares, afirmando que &#8220;Marcos Petrillo deixa um legado que seguir\u00e1 ecoando na mem\u00f3ria e na m\u00fasica de Juiz de Fora&#8221;.<\/p>\n<p>O sepultamento de Petrillo ocorreu na manh\u00e3 desta segunda-feira (27), em sua cidade natal, Palma, onde sua hist\u00f3ria e contribui\u00e7\u00e3o cultural continuar\u00e3o a ser lembradas e celebradas.<\/p>\n","protected":false},"excerpt":{"rendered":"<p>Produtor cultural e refer\u00eancia do rock em Juiz de Fora, Marcos Petrillo faleceu aos 67 anos, deixando um legado importante na m\u00fasica local.<\/p>\n","protected":false},"author":5,"featured_media":3303,"comment_status":"closed","ping_status":"open","sticky":false,"template":"","format":"standard","meta":{"footnotes":""},"categories":[1364],"tags":[1510,2889,1264,1512,1518],"class_list":["post-5761","post","type-post","status-publish","format-standard","has-post-thumbnail","hentry","category-cultura","tag-cultura","tag-funalfa","tag-juiz-de-fora","tag-musica","tag-rock"],"_links":{"self":[{"href":"https:\/\/guiacataguases.com.br\/nova\/wp-json\/wp\/v2\/posts\/5761","targetHints":{"allow":["GET"]}}],"collection":[{"href":"https:\/\/guiacataguases.com.br\/nova\/wp-json\/wp\/v2\/posts"}],"about":[{"href":"https:\/\/guiacataguases.com.br\/nova\/wp-json\/wp\/v2\/types\/post"}],"author":[{"embeddable":true,"href":"https:\/\/guiacataguases.com.br\/nova\/wp-json\/wp\/v2\/users\/5"}],"replies":[{"embeddable":true,"href":"https:\/\/guiacataguases.com.br\/nova\/wp-json\/wp\/v2\/comments?post=5761"}],"version-history":[{"count":0,"href":"https:\/\/guiacataguases.com.br\/nova\/wp-json\/wp\/v2\/posts\/5761\/revisions"}],"wp:featuredmedia":[{"embeddable":true,"href":"https:\/\/guiacataguases.com.br\/nova\/wp-json\/wp\/v2\/media\/3303"}],"wp:attachment":[{"href":"https:\/\/guiacataguases.com.br\/nova\/wp-json\/wp\/v2\/media?parent=5761"}],"wp:term":[{"taxonomy":"category","embeddable":true,"href":"https:\/\/guiacataguases.com.br\/nova\/wp-json\/wp\/v2\/categories?post=5761"},{"taxonomy":"post_tag","embeddable":true,"href":"https:\/\/guiacataguases.com.br\/nova\/wp-json\/wp\/v2\/tags?post=5761"}],"curies":[{"name":"wp","href":"https:\/\/api.w.org\/{rel}","templated":true}]}}