{"id":5766,"date":"2026-04-27T17:31:43","date_gmt":"2026-04-27T20:31:43","guid":{"rendered":"https:\/\/guiacataguases.com.br\/nova\/politica\/tjmg-elege-vicente-de-oliveira-silva-como-novo-presidente\/"},"modified":"2026-04-27T17:31:43","modified_gmt":"2026-04-27T20:31:43","slug":"tjmg-elege-vicente-de-oliveira-silva-como-novo-presidente","status":"publish","type":"post","link":"https:\/\/guiacataguases.com.br\/nova\/politica\/tjmg-elege-vicente-de-oliveira-silva-como-novo-presidente\/","title":{"rendered":"TJMG elege Vicente de Oliveira Silva como novo presidente"},"content":{"rendered":"<p><i>Desembargador assumir\u00e1 a presid\u00eancia da Corte no bi\u00eanio 2026-2028.<\/i><\/p>\n<hr>\n<p>O desembargador Vicente de Oliveira Silva foi eleito, nesta segunda-feira (27\/4), o novo presidente do Tribunal de Justi\u00e7a de Minas Gerais (TJMG) para o bi\u00eanio 2026-2028. A elei\u00e7\u00e3o ocorreu durante uma sess\u00e3o especial do Tribunal Pleno, onde Vicente recebeu 86 votos entre os 146 desembargadores presentes, com um voto em branco e sem absten\u00e7\u00f5es.<\/p>\n<p>A posse do novo presidente est\u00e1 agendada para o dia 1\u00ba de julho, \u00e0s 17h, no Pal\u00e1cio das Artes, em Belo Horizonte. A vota\u00e7\u00e3o foi realizada de forma h\u00edbrida, permitindo a participa\u00e7\u00e3o tanto presencial quanto remota dos magistrados. A sess\u00e3o foi conduzida pelo atual presidente da Corte, desembargador Luiz Carlos Corr\u00eaa Junior, e tamb\u00e9m definiu outros cargos na administra\u00e7\u00e3o do Judici\u00e1rio mineiro.<\/p>\n<p>Al\u00e9m de Vicente de Oliveira Silva, o desembargador Leopoldo Mameluque foi eleito vice-corregedor-geral de Justi\u00e7a, enquanto a desembargadora Sandra Fonseca assumir\u00e1 como primeira vice-presidente. Natural de \u00c1gua Boa, Vicente possui uma carreira consolidada no sistema de Justi\u00e7a, tendo ingressado na magistratura em 1995 e ocupado diversas fun\u00e7\u00f5es de destaque ao longo de sua trajet\u00f3ria.<\/p>\n<p>Vicente de Oliveira Silva \u00e9 bacharel em Direito pela Universidade Federal de Minas Gerais (UFMG) e iniciou sua carreira p\u00fablica em 1979. Desde ent\u00e3o, passou por v\u00e1rias comarcas e desempenhou pap\u00e9is importantes dentro do Judici\u00e1rio, incluindo a coordena\u00e7\u00e3o dos Juizados Especiais em Belo Horizonte e a participa\u00e7\u00e3o em comit\u00eas nacionais relacionados ao sistema judici\u00e1rio.<\/p>\n","protected":false},"excerpt":{"rendered":"<p>Vicente de Oliveira Silva foi eleito presidente do TJMG para o bi\u00eanio 2026-2028, com posse marcada para 1\u00ba de julho.<\/p>\n","protected":false},"author":5,"featured_media":3322,"comment_status":"closed","ping_status":"open","sticky":false,"template":"","format":"standard","meta":{"footnotes":""},"categories":[1360],"tags":[1467,1736,1316,1683,3846],"class_list":["post-5766","post","type-post","status-publish","format-standard","has-post-thumbnail","hentry","category-politica","tag-eleicao","tag-justica","tag-minas-gerais","tag-tjmg","tag-vicente-de-oliveira-silva"],"_links":{"self":[{"href":"https:\/\/guiacataguases.com.br\/nova\/wp-json\/wp\/v2\/posts\/5766","targetHints":{"allow":["GET"]}}],"collection":[{"href":"https:\/\/guiacataguases.com.br\/nova\/wp-json\/wp\/v2\/posts"}],"about":[{"href":"https:\/\/guiacataguases.com.br\/nova\/wp-json\/wp\/v2\/types\/post"}],"author":[{"embeddable":true,"href":"https:\/\/guiacataguases.com.br\/nova\/wp-json\/wp\/v2\/users\/5"}],"replies":[{"embeddable":true,"href":"https:\/\/guiacataguases.com.br\/nova\/wp-json\/wp\/v2\/comments?post=5766"}],"version-history":[{"count":0,"href":"https:\/\/guiacataguases.com.br\/nova\/wp-json\/wp\/v2\/posts\/5766\/revisions"}],"wp:featuredmedia":[{"embeddable":true,"href":"https:\/\/guiacataguases.com.br\/nova\/wp-json\/wp\/v2\/media\/3322"}],"wp:attachment":[{"href":"https:\/\/guiacataguases.com.br\/nova\/wp-json\/wp\/v2\/media?parent=5766"}],"wp:term":[{"taxonomy":"category","embeddable":true,"href":"https:\/\/guiacataguases.com.br\/nova\/wp-json\/wp\/v2\/categories?post=5766"},{"taxonomy":"post_tag","embeddable":true,"href":"https:\/\/guiacataguases.com.br\/nova\/wp-json\/wp\/v2\/tags?post=5766"}],"curies":[{"name":"wp","href":"https:\/\/api.w.org\/{rel}","templated":true}]}}