{"id":5771,"date":"2026-04-27T17:32:49","date_gmt":"2026-04-27T20:32:49","guid":{"rendered":"https:\/\/guiacataguases.com.br\/nova\/policia\/dois-homens-sao-presos-apos-ataque-a-facadas-em-vicosa\/"},"modified":"2026-04-27T17:32:49","modified_gmt":"2026-04-27T20:32:49","slug":"dois-homens-sao-presos-apos-ataque-a-facadas-em-vicosa","status":"publish","type":"post","link":"https:\/\/guiacataguases.com.br\/nova\/policia\/dois-homens-sao-presos-apos-ataque-a-facadas-em-vicosa\/","title":{"rendered":"Dois homens s\u00e3o presos ap\u00f3s ataque a facadas em Vi\u00e7osa"},"content":{"rendered":"<p><i>V\u00edtima, um homem de 35 anos, foi hospitalizada com seis perfura\u00e7\u00f5es nas costas.<\/i><\/p>\n<hr>\n<p>Dois homens, de 34 e 43 anos, foram detidos em flagrante na madrugada de s\u00e1bado (25) ap\u00f3s atacarem um homem a facadas na Pra\u00e7a M\u00e1rio Del Giudice, em Vi\u00e7osa, cidade localizada a cerca de 170 quil\u00f4metros de Juiz de Fora.<\/p>\n<p>A v\u00edtima, um homem de 35 anos, foi encontrada pela Pol\u00edcia Militar e recebeu os primeiros atendimentos no local. Em seguida, ele foi encaminhado para um hospital, onde foi constatado que ele apresentava seis perfura\u00e7\u00f5es nas costas. O estado de sa\u00fade da v\u00edtima \u00e9 considerado est\u00e1vel, e o caso foi registrado como tentativa de homic\u00eddio.<\/p>\n<p>Em nota, a Pol\u00edcia Militar destacou a rapidez na resposta ao crime, que \u00e9 considerado de maior gravidade. A PM tamb\u00e9m informou que a motiva\u00e7\u00e3o do ataque foi passional, mas n\u00e3o forneceu detalhes sobre as circunst\u00e2ncias que levaram ao ocorrido.<\/p>\n","protected":false},"excerpt":{"rendered":"<p>Dois homens foram presos ap\u00f3s atacarem um homem a facadas na Pra\u00e7a M\u00e1rio Del Giudice, em Vi\u00e7osa. V\u00edtima est\u00e1 est\u00e1vel.<\/p>\n","protected":false},"author":5,"featured_media":3437,"comment_status":"closed","ping_status":"open","sticky":false,"template":"","format":"standard","meta":{"footnotes":""},"categories":[1361],"tags":[3851,1419,2161,1279,1266],"class_list":["post-5771","post","type-post","status-publish","format-standard","has-post-thumbnail","hentry","category-policia","tag-facadas","tag-policia","tag-tentativa-de-homicidio","tag-vicosa","tag-zona-da-mata"],"_links":{"self":[{"href":"https:\/\/guiacataguases.com.br\/nova\/wp-json\/wp\/v2\/posts\/5771","targetHints":{"allow":["GET"]}}],"collection":[{"href":"https:\/\/guiacataguases.com.br\/nova\/wp-json\/wp\/v2\/posts"}],"about":[{"href":"https:\/\/guiacataguases.com.br\/nova\/wp-json\/wp\/v2\/types\/post"}],"author":[{"embeddable":true,"href":"https:\/\/guiacataguases.com.br\/nova\/wp-json\/wp\/v2\/users\/5"}],"replies":[{"embeddable":true,"href":"https:\/\/guiacataguases.com.br\/nova\/wp-json\/wp\/v2\/comments?post=5771"}],"version-history":[{"count":0,"href":"https:\/\/guiacataguases.com.br\/nova\/wp-json\/wp\/v2\/posts\/5771\/revisions"}],"wp:featuredmedia":[{"embeddable":true,"href":"https:\/\/guiacataguases.com.br\/nova\/wp-json\/wp\/v2\/media\/3437"}],"wp:attachment":[{"href":"https:\/\/guiacataguases.com.br\/nova\/wp-json\/wp\/v2\/media?parent=5771"}],"wp:term":[{"taxonomy":"category","embeddable":true,"href":"https:\/\/guiacataguases.com.br\/nova\/wp-json\/wp\/v2\/categories?post=5771"},{"taxonomy":"post_tag","embeddable":true,"href":"https:\/\/guiacataguases.com.br\/nova\/wp-json\/wp\/v2\/tags?post=5771"}],"curies":[{"name":"wp","href":"https:\/\/api.w.org\/{rel}","templated":true}]}}