{"id":5776,"date":"2026-04-27T18:31:40","date_gmt":"2026-04-27T21:31:40","guid":{"rendered":"https:\/\/guiacataguases.com.br\/nova\/economia\/gustavo-werneck-ceo-da-gerdau-e-destaque-em-entrevista-no-minas-s-a\/"},"modified":"2026-04-27T18:31:40","modified_gmt":"2026-04-27T21:31:40","slug":"gustavo-werneck-ceo-da-gerdau-e-destaque-em-entrevista-no-minas-s-a","status":"publish","type":"post","link":"https:\/\/guiacataguases.com.br\/nova\/economia\/gustavo-werneck-ceo-da-gerdau-e-destaque-em-entrevista-no-minas-s-a\/","title":{"rendered":"Gustavo Werneck, CEO da Gerdau, \u00e9 destaque em entrevista no Minas S\/A"},"content":{"rendered":"<p><i>L\u00edder da Gerdau compartilha insights sobre a gest\u00e3o da empresa em epis\u00f3dio especial.<\/i><\/p>\n<hr>\n<p>Gustavo Werneck, CEO da Gerdau, foi o convidado da semana no programa Minas S\/A, onde discutiu os desafios e as conquistas da empresa sob sua lideran\u00e7a. O epis\u00f3dio, que vai ao ar no s\u00e1bado, 02 de maio, faz parte da temporada Legados e promete trazer reflex\u00f5es sobre o futuro da ind\u00fastria metal\u00fargica no Brasil.<\/p>\n<p>Durante a entrevista, Werneck abordou temas cruciais como inova\u00e7\u00e3o, sustentabilidade e a import\u00e2ncia da Gerdau no cen\u00e1rio econ\u00f4mico nacional. Ele destacou que a empresa tem se empenhado em implementar pr\u00e1ticas que n\u00e3o apenas atendam \u00e0s demandas do mercado, mas que tamb\u00e9m contribuam para o desenvolvimento sustent\u00e1vel.<\/p>\n<p>Al\u00e9m disso, o CEO enfatizou a relev\u00e2ncia da Gerdau na gera\u00e7\u00e3o de empregos e no apoio \u00e0s comunidades onde a empresa est\u00e1 presente. A entrevista \u00e9 uma oportunidade para os espectadores conhecerem mais sobre a vis\u00e3o e os planos de Werneck para o futuro da companhia, que \u00e9 uma das l\u00edderes no setor de a\u00e7o no Brasil.<\/p>\n<p>O programa Minas S\/A \u00e9 conhecido por trazer entrevistas com personalidades importantes do mundo dos neg\u00f3cios e da pol\u00edtica, oferecendo insights valiosos sobre a economia mineira e nacional. N\u00e3o perca a chance de acompanhar essa conversa inspiradora.<\/p>\n","protected":false},"excerpt":{"rendered":"<p>Gustavo Werneck, CEO da Gerdau, \u00e9 o convidado do programa Minas S\/A, onde fala sobre gest\u00e3o e sustentabilidade.<\/p>\n","protected":false},"author":5,"featured_media":3376,"comment_status":"closed","ping_status":"open","sticky":false,"template":"","format":"standard","meta":{"footnotes":""},"categories":[1366],"tags":[2381,3856,3857,2441,2933],"class_list":["post-5776","post","type-post","status-publish","format-standard","has-post-thumbnail","hentry","category-economia","tag-entrevista","tag-gerdau","tag-gustavo-werneck","tag-industria","tag-minas-s-a"],"_links":{"self":[{"href":"https:\/\/guiacataguases.com.br\/nova\/wp-json\/wp\/v2\/posts\/5776","targetHints":{"allow":["GET"]}}],"collection":[{"href":"https:\/\/guiacataguases.com.br\/nova\/wp-json\/wp\/v2\/posts"}],"about":[{"href":"https:\/\/guiacataguases.com.br\/nova\/wp-json\/wp\/v2\/types\/post"}],"author":[{"embeddable":true,"href":"https:\/\/guiacataguases.com.br\/nova\/wp-json\/wp\/v2\/users\/5"}],"replies":[{"embeddable":true,"href":"https:\/\/guiacataguases.com.br\/nova\/wp-json\/wp\/v2\/comments?post=5776"}],"version-history":[{"count":0,"href":"https:\/\/guiacataguases.com.br\/nova\/wp-json\/wp\/v2\/posts\/5776\/revisions"}],"wp:featuredmedia":[{"embeddable":true,"href":"https:\/\/guiacataguases.com.br\/nova\/wp-json\/wp\/v2\/media\/3376"}],"wp:attachment":[{"href":"https:\/\/guiacataguases.com.br\/nova\/wp-json\/wp\/v2\/media?parent=5776"}],"wp:term":[{"taxonomy":"category","embeddable":true,"href":"https:\/\/guiacataguases.com.br\/nova\/wp-json\/wp\/v2\/categories?post=5776"},{"taxonomy":"post_tag","embeddable":true,"href":"https:\/\/guiacataguases.com.br\/nova\/wp-json\/wp\/v2\/tags?post=5776"}],"curies":[{"name":"wp","href":"https:\/\/api.w.org\/{rel}","templated":true}]}}