{"id":5783,"date":"2026-04-28T04:31:23","date_gmt":"2026-04-28T07:31:23","guid":{"rendered":"https:\/\/guiacataguases.com.br\/nova\/politica\/barbacena-se-torna-capital-de-minas-gerais-ate-quinta-feira\/"},"modified":"2026-04-28T04:31:23","modified_gmt":"2026-04-28T07:31:23","slug":"barbacena-se-torna-capital-de-minas-gerais-ate-quinta-feira","status":"publish","type":"post","link":"https:\/\/guiacataguases.com.br\/nova\/politica\/barbacena-se-torna-capital-de-minas-gerais-ate-quinta-feira\/","title":{"rendered":"Barbacena se torna capital de Minas Gerais at\u00e9 quinta-feira"},"content":{"rendered":"<p><i>Governador Mateus Sim\u00f5es realiza cerim\u00f4nia de transfer\u00eancia na cidade do Campo das Vertentes<\/i><\/p>\n<hr>\n<p>Barbacena \u00e9 a nova capital de Minas Gerais at\u00e9 a pr\u00f3xima quinta-feira (30). A cerim\u00f4nia de transfer\u00eancia da capital ocorreu na tarde desta segunda-feira (27) na C\u00e2mara Municipal e faz parte da iniciativa &#8216;Governo Presente&#8217;, que transforma cidades do interior em capital itinerante. O governador Mateus Sim\u00f5es, que assumiu o cargo em mar\u00e7o, ficar\u00e1 em Barbacena at\u00e9 o final da semana e j\u00e1 visitou outras cidades como Uberl\u00e2ndia e Ouro Preto.<\/p>\n<p>Nos pr\u00f3ximos dias, os moradores de Barbacena poder\u00e3o participar da Pra\u00e7a de Servi\u00e7os, que oferecer\u00e1 atendimentos gratuitos na Pra\u00e7a dos Andradas, no Centro. O atendimento ocorrer\u00e1 das 9h \u00e0s 16h, tanto na quarta quanto na quinta-feira, e incluir\u00e1 servi\u00e7os como emiss\u00e3o da Carteira de Identidade Nacional (CIN), orienta\u00e7\u00f5es sobre refinanciamento de d\u00edvidas e aferi\u00e7\u00e3o de sinais vitais.<\/p>\n<p>No primeiro dia de atividades, o governador Sim\u00f5es tamb\u00e9m vistoriou as obras finais da Unidade B\u00e1sica de Sa\u00fade (UBS) do bairro Grogot\u00f3 e anunciou o fechamento definitivo do espa\u00e7o que abrigou o Hospital Col\u00f4nia de Barbacena, transferindo os \u00faltimos 12 pacientes para uma nova unidade de sa\u00fade. O hospital, que ficou marcado por graves viola\u00e7\u00f5es de direitos humanos, encerrou suas opera\u00e7\u00f5es h\u00e1 anos e agora ser\u00e1 desativado completamente, segundo informa\u00e7\u00f5es do governo mineiro.<\/p>\n","protected":false},"excerpt":{"rendered":"<p>Barbacena \u00e9 a nova capital de Minas Gerais at\u00e9 quinta-feira, com servi\u00e7os gratuitos para a popula\u00e7\u00e3o.<\/p>\n","protected":false},"author":5,"featured_media":3377,"comment_status":"closed","ping_status":"open","sticky":false,"template":"","format":"standard","meta":{"footnotes":""},"categories":[1360],"tags":[2022,1552,2118,1376,2755],"class_list":["post-5783","post","type-post","status-publish","format-standard","has-post-thumbnail","hentry","category-politica","tag-barbacena","tag-governo-de-minas","tag-mateus-simoes","tag-saude","tag-servicos-publicos"],"_links":{"self":[{"href":"https:\/\/guiacataguases.com.br\/nova\/wp-json\/wp\/v2\/posts\/5783","targetHints":{"allow":["GET"]}}],"collection":[{"href":"https:\/\/guiacataguases.com.br\/nova\/wp-json\/wp\/v2\/posts"}],"about":[{"href":"https:\/\/guiacataguases.com.br\/nova\/wp-json\/wp\/v2\/types\/post"}],"author":[{"embeddable":true,"href":"https:\/\/guiacataguases.com.br\/nova\/wp-json\/wp\/v2\/users\/5"}],"replies":[{"embeddable":true,"href":"https:\/\/guiacataguases.com.br\/nova\/wp-json\/wp\/v2\/comments?post=5783"}],"version-history":[{"count":0,"href":"https:\/\/guiacataguases.com.br\/nova\/wp-json\/wp\/v2\/posts\/5783\/revisions"}],"wp:featuredmedia":[{"embeddable":true,"href":"https:\/\/guiacataguases.com.br\/nova\/wp-json\/wp\/v2\/media\/3377"}],"wp:attachment":[{"href":"https:\/\/guiacataguases.com.br\/nova\/wp-json\/wp\/v2\/media?parent=5783"}],"wp:term":[{"taxonomy":"category","embeddable":true,"href":"https:\/\/guiacataguases.com.br\/nova\/wp-json\/wp\/v2\/categories?post=5783"},{"taxonomy":"post_tag","embeddable":true,"href":"https:\/\/guiacataguases.com.br\/nova\/wp-json\/wp\/v2\/tags?post=5783"}],"curies":[{"name":"wp","href":"https:\/\/api.w.org\/{rel}","templated":true}]}}