{"id":5787,"date":"2026-04-28T06:30:45","date_gmt":"2026-04-28T09:30:45","guid":{"rendered":"https:\/\/guiacataguases.com.br\/nova\/cultura\/festa-da-inclusao-reune-familias-atipicas-em-mar-de-espanha\/"},"modified":"2026-04-28T06:30:45","modified_gmt":"2026-04-28T09:30:45","slug":"festa-da-inclusao-reune-familias-atipicas-em-mar-de-espanha","status":"publish","type":"post","link":"https:\/\/guiacataguases.com.br\/nova\/cultura\/festa-da-inclusao-reune-familias-atipicas-em-mar-de-espanha\/","title":{"rendered":"Festa da Inclus\u00e3o re\u00fane fam\u00edlias at\u00edpicas em Mar de Espanha"},"content":{"rendered":"<p><i>Evento promove acolhimento e solidariedade entre as fam\u00edlias da cidade.<\/i><\/p>\n<hr>\n<p>No \u00faltimo domingo, 26 de abril, o Sal\u00e3o Club Kids, em Mar de Espanha, foi palco da Festa da Inclus\u00e3o, organizada pela Rede de Apoio M\u00e3es At\u00edpicas. O evento reuniu cerca de 70 crian\u00e7as e suas fam\u00edlias, proporcionando um espa\u00e7o seguro e afetuoso para todos os participantes.<\/p>\n<p>Com o objetivo de promover a inclus\u00e3o e fortalecer v\u00ednculos, a festa destacou a import\u00e2ncia do respeito \u00e0s diferen\u00e7as. A realiza\u00e7\u00e3o do evento foi poss\u00edvel gra\u00e7as \u00e0 solidariedade da popula\u00e7\u00e3o local, que contribuiu com doa\u00e7\u00f5es e arrecada\u00e7\u00f5es, mostrando o poder da comunidade unida em prol de uma causa t\u00e3o significativa.<\/p>\n<p>Para a Rede de Apoio, iniciativas como essa v\u00e3o al\u00e9m da comemora\u00e7\u00e3o, representando luta, visibilidade e amor. O projeto continua a atuar com dedica\u00e7\u00e3o, buscando construir uma sociedade mais inclusiva e acolhedora para todos.<\/p>\n","protected":false},"excerpt":{"rendered":"<p>Festa da Inclus\u00e3o em Mar de Espanha promove acolhimento e solidariedade entre fam\u00edlias at\u00edpicas.<\/p>\n","protected":false},"author":5,"featured_media":3303,"comment_status":"closed","ping_status":"open","sticky":false,"template":"","format":"standard","meta":{"footnotes":""},"categories":[1364],"tags":[3866,1422,3412,3867,1281],"class_list":["post-5787","post","type-post","status-publish","format-standard","has-post-thumbnail","hentry","category-cultura","tag-familias-atipicas","tag-inclusao","tag-mar-de-espanha","tag-rede-de-apoio","tag-solidariedade"],"_links":{"self":[{"href":"https:\/\/guiacataguases.com.br\/nova\/wp-json\/wp\/v2\/posts\/5787","targetHints":{"allow":["GET"]}}],"collection":[{"href":"https:\/\/guiacataguases.com.br\/nova\/wp-json\/wp\/v2\/posts"}],"about":[{"href":"https:\/\/guiacataguases.com.br\/nova\/wp-json\/wp\/v2\/types\/post"}],"author":[{"embeddable":true,"href":"https:\/\/guiacataguases.com.br\/nova\/wp-json\/wp\/v2\/users\/5"}],"replies":[{"embeddable":true,"href":"https:\/\/guiacataguases.com.br\/nova\/wp-json\/wp\/v2\/comments?post=5787"}],"version-history":[{"count":0,"href":"https:\/\/guiacataguases.com.br\/nova\/wp-json\/wp\/v2\/posts\/5787\/revisions"}],"wp:featuredmedia":[{"embeddable":true,"href":"https:\/\/guiacataguases.com.br\/nova\/wp-json\/wp\/v2\/media\/3303"}],"wp:attachment":[{"href":"https:\/\/guiacataguases.com.br\/nova\/wp-json\/wp\/v2\/media?parent=5787"}],"wp:term":[{"taxonomy":"category","embeddable":true,"href":"https:\/\/guiacataguases.com.br\/nova\/wp-json\/wp\/v2\/categories?post=5787"},{"taxonomy":"post_tag","embeddable":true,"href":"https:\/\/guiacataguases.com.br\/nova\/wp-json\/wp\/v2\/tags?post=5787"}],"curies":[{"name":"wp","href":"https:\/\/api.w.org\/{rel}","templated":true}]}}