{"id":5792,"date":"2026-04-28T06:32:14","date_gmt":"2026-04-28T09:32:14","guid":{"rendered":"https:\/\/guiacataguases.com.br\/nova\/politica\/governador-mateus-simoes-reafirma-apoio-a-marcelo-aro-ao-senado-em-2026\/"},"modified":"2026-04-28T06:32:14","modified_gmt":"2026-04-28T09:32:14","slug":"governador-mateus-simoes-reafirma-apoio-a-marcelo-aro-ao-senado-em-2026","status":"publish","type":"post","link":"https:\/\/guiacataguases.com.br\/nova\/politica\/governador-mateus-simoes-reafirma-apoio-a-marcelo-aro-ao-senado-em-2026\/","title":{"rendered":"Governador Mateus Sim\u00f5es reafirma apoio a Marcelo Aro ao Senado em 2026"},"content":{"rendered":"<p><i>Durante entrega de helic\u00f3ptero, Sim\u00f5es evita comentar alian\u00e7a com o PL.<\/i><\/p>\n<hr>\n<p>O governador de Minas Gerais, Mateus Sim\u00f5es (PSD), reafirmou nesta segunda-feira (27\/4) seu compromisso com a candidatura de Marcelo Aro ao Senado nas elei\u00e7\u00f5es de 2026. A declara\u00e7\u00e3o foi feita durante a entrega do helic\u00f3ptero Arcanjo 15 ao Corpo de Bombeiros, em Belo Horizonte, em meio a tens\u00f5es pol\u00edticas ap\u00f3s a filia\u00e7\u00e3o do senador Carlos Viana ao PSD.<\/p>\n<p>Sim\u00f5es declarou: &#8220;O Marcelo Aro \u00e9 parte da minha chapa desde o momento zero. \u00c9 um compromisso meu com a Federa\u00e7\u00e3o Uni\u00e3o Progressista. N\u00e3o h\u00e1 nenhum recuo em rela\u00e7\u00e3o \u00e0 candidatura dele&#8221;. A fala busca apaziguar a base aliada ap\u00f3s a chegada de Viana ao PSD, que n\u00e3o foi bem recebida pelo grupo de Aro.<\/p>\n<p>Aro, que se desincompatibilizou do cargo de secret\u00e1rio de Governo para concorrer, criticou a filia\u00e7\u00e3o de Viana, afirmando que n\u00e3o foi consultado sobre a decis\u00e3o. Aliados de Aro consideram o epis\u00f3dio uma &#8220;trai\u00e7\u00e3o&#8221;, uma vez que Viana foi incentivado a deixar o Podemos, partido ligado \u00e0 base de Aro.<\/p>\n<p>Questionado sobre a possibilidade de uma alian\u00e7a com o PL, Sim\u00f5es foi cauteloso, afirmando que a defini\u00e7\u00e3o depende do posicionamento dos liberais em rela\u00e7\u00e3o \u00e0 disputa pelo governo estadual. &#8220;N\u00e3o me parece que a gente tenha chegado ao momento de discutir a rela\u00e7\u00e3o PSD-PL ainda&#8221;, disse ele.<\/p>\n<p>Sim\u00f5es tamb\u00e9m mencionou que a vaga de vice-governador poderia ser um ponto de negocia\u00e7\u00e3o para viabilizar uma alian\u00e7a com o PL, que j\u00e1 lan\u00e7ou o deputado federal Domingos S\u00e1vio como pr\u00e9-candidato ao Senado. O governador indicou que a escolha para o posto poderia envolver o Partido Novo, mantendo as op\u00e7\u00f5es em aberto.<\/p>\n<p>A entrega do helic\u00f3ptero Arcanjo 15, adquirido por cerca de R$ 43,5 milh\u00f5es, marca um avan\u00e7o na capacidade de resposta do Corpo de Bombeiros, funcionando como uma UTI a\u00e9rea e podendo transportar at\u00e9 oito pessoas a uma velocidade de 260 km\/h.<\/p>\n","protected":false},"excerpt":{"rendered":"<p>Durante evento em Belo Horizonte, governador reafirma apoio a Marcelo Aro e evita comentar alian\u00e7a com o PL.<\/p>\n","protected":false},"author":5,"featured_media":3322,"comment_status":"closed","ping_status":"open","sticky":false,"template":"","format":"standard","meta":{"footnotes":""},"categories":[1360],"tags":[3874,2118,1316,3033,2222],"class_list":["post-5792","post","type-post","status-publish","format-standard","has-post-thumbnail","hentry","category-politica","tag-marcelo-aro","tag-mateus-simoes","tag-minas-gerais","tag-pl","tag-psd"],"_links":{"self":[{"href":"https:\/\/guiacataguases.com.br\/nova\/wp-json\/wp\/v2\/posts\/5792","targetHints":{"allow":["GET"]}}],"collection":[{"href":"https:\/\/guiacataguases.com.br\/nova\/wp-json\/wp\/v2\/posts"}],"about":[{"href":"https:\/\/guiacataguases.com.br\/nova\/wp-json\/wp\/v2\/types\/post"}],"author":[{"embeddable":true,"href":"https:\/\/guiacataguases.com.br\/nova\/wp-json\/wp\/v2\/users\/5"}],"replies":[{"embeddable":true,"href":"https:\/\/guiacataguases.com.br\/nova\/wp-json\/wp\/v2\/comments?post=5792"}],"version-history":[{"count":0,"href":"https:\/\/guiacataguases.com.br\/nova\/wp-json\/wp\/v2\/posts\/5792\/revisions"}],"wp:featuredmedia":[{"embeddable":true,"href":"https:\/\/guiacataguases.com.br\/nova\/wp-json\/wp\/v2\/media\/3322"}],"wp:attachment":[{"href":"https:\/\/guiacataguases.com.br\/nova\/wp-json\/wp\/v2\/media?parent=5792"}],"wp:term":[{"taxonomy":"category","embeddable":true,"href":"https:\/\/guiacataguases.com.br\/nova\/wp-json\/wp\/v2\/categories?post=5792"},{"taxonomy":"post_tag","embeddable":true,"href":"https:\/\/guiacataguases.com.br\/nova\/wp-json\/wp\/v2\/tags?post=5792"}],"curies":[{"name":"wp","href":"https:\/\/api.w.org\/{rel}","templated":true}]}}