{"id":5831,"date":"2026-04-29T08:32:41","date_gmt":"2026-04-29T11:32:41","guid":{"rendered":"https:\/\/guiacataguases.com.br\/nova\/policia\/acidente-entre-carro-da-saude-e-caminhonete-deixa-cinco-feridos-em-mg\/"},"modified":"2026-04-29T08:32:41","modified_gmt":"2026-04-29T11:32:41","slug":"acidente-entre-carro-da-saude-e-caminhonete-deixa-cinco-feridos-em-mg","status":"publish","type":"post","link":"https:\/\/guiacataguases.com.br\/nova\/policia\/acidente-entre-carro-da-saude-e-caminhonete-deixa-cinco-feridos-em-mg\/","title":{"rendered":"Acidente entre carro da Sa\u00fade e caminhonete deixa cinco feridos em MG"},"content":{"rendered":"<p><i>Ve\u00edculo oficial transportava paciente para consulta em Bauru; motorista suspeita de fratura.<\/i><\/p>\n<hr>\n<p>Um acidente envolvendo um ve\u00edculo oficial da Secretaria de Estado de Sa\u00fade de Minas Gerais (SES\/MG) e uma caminhonete Toyota Hilux deixou cinco pessoas feridas na rodovia MG-455, em Andradas, na Regi\u00e3o Sul do estado, na ter\u00e7a-feira (28). O carro da SES\/MG transportava um paciente para uma consulta m\u00e9dica em Bauru, S\u00e3o Paulo, al\u00e9m de tr\u00eas acompanhantes.<\/p>\n<p>De acordo com o Corpo de Bombeiros, a colis\u00e3o foi frontal entre os dois ve\u00edculos. O motorista do carro oficial apresentava suspeita de fratura no joelho e foi imobilizado pelo Servi\u00e7o de Atendimento M\u00f3vel de Urg\u00eancia (Samu), sendo encaminhado para a Santa Casa de Andradas. As outras v\u00edtimas foram avaliadas no local; algumas n\u00e3o precisaram de hospitaliza\u00e7\u00e3o, enquanto outras foram levadas para avalia\u00e7\u00e3o m\u00e9dica pela equipe da concession\u00e1ria EPR.<\/p>\n<p>O gerente de sa\u00fade de Andradas esteve presente no local do acidente e organizou a continuidade da viagem para que o paciente n\u00e3o perdesse a consulta m\u00e9dica. A Pol\u00edcia Militar Rodovi\u00e1ria (PMRv) ficou respons\u00e1vel pela seguran\u00e7a da rodovia e pelo controle do tr\u00e1fego na \u00e1rea. A SES\/MG foi contatada pela reportagem, que aguarda uma resposta sobre o incidente.<\/p>\n","protected":false},"excerpt":{"rendered":"<p>Um acidente em Andradas, MG, envolvendo ve\u00edculo da Sa\u00fade deixou cinco feridos; motorista suspeita de fratura.<\/p>\n","protected":false},"author":5,"featured_media":3377,"comment_status":"closed","ping_status":"open","sticky":false,"template":"","format":"standard","meta":{"footnotes":""},"categories":[1361],"tags":[1677,3618,1262,1275,1376],"class_list":["post-5831","post","type-post","status-publish","format-standard","has-post-thumbnail","hentry","category-policia","tag-acidente","tag-andradas","tag-corpo-de-bombeiros","tag-policia-militar","tag-saude"],"_links":{"self":[{"href":"https:\/\/guiacataguases.com.br\/nova\/wp-json\/wp\/v2\/posts\/5831","targetHints":{"allow":["GET"]}}],"collection":[{"href":"https:\/\/guiacataguases.com.br\/nova\/wp-json\/wp\/v2\/posts"}],"about":[{"href":"https:\/\/guiacataguases.com.br\/nova\/wp-json\/wp\/v2\/types\/post"}],"author":[{"embeddable":true,"href":"https:\/\/guiacataguases.com.br\/nova\/wp-json\/wp\/v2\/users\/5"}],"replies":[{"embeddable":true,"href":"https:\/\/guiacataguases.com.br\/nova\/wp-json\/wp\/v2\/comments?post=5831"}],"version-history":[{"count":0,"href":"https:\/\/guiacataguases.com.br\/nova\/wp-json\/wp\/v2\/posts\/5831\/revisions"}],"wp:featuredmedia":[{"embeddable":true,"href":"https:\/\/guiacataguases.com.br\/nova\/wp-json\/wp\/v2\/media\/3377"}],"wp:attachment":[{"href":"https:\/\/guiacataguases.com.br\/nova\/wp-json\/wp\/v2\/media?parent=5831"}],"wp:term":[{"taxonomy":"category","embeddable":true,"href":"https:\/\/guiacataguases.com.br\/nova\/wp-json\/wp\/v2\/categories?post=5831"},{"taxonomy":"post_tag","embeddable":true,"href":"https:\/\/guiacataguases.com.br\/nova\/wp-json\/wp\/v2\/tags?post=5831"}],"curies":[{"name":"wp","href":"https:\/\/api.w.org\/{rel}","templated":true}]}}