{"id":5857,"date":"2026-04-29T21:32:38","date_gmt":"2026-04-30T00:32:38","guid":{"rendered":"https:\/\/guiacataguases.com.br\/nova\/policia\/adolescente-e-flagrado-com-canivete-em-escola-de-barbacena\/"},"modified":"2026-04-29T21:32:38","modified_gmt":"2026-04-30T00:32:38","slug":"adolescente-e-flagrado-com-canivete-em-escola-de-barbacena","status":"publish","type":"post","link":"https:\/\/guiacataguases.com.br\/nova\/policia\/adolescente-e-flagrado-com-canivete-em-escola-de-barbacena\/","title":{"rendered":"Adolescente \u00e9 flagrado com canivete em escola de Barbacena"},"content":{"rendered":"<p><i>A Guarda Civil Municipal foi acionada ap\u00f3s den\u00fancia sobre o porte do objeto.<\/i><\/p>\n<hr>\n<p>Na manh\u00e3 da \u00faltima ter\u00e7a-feira (28), a Guarda Civil Municipal (GCM) de Barbacena recebeu uma den\u00fancia sobre a presen\u00e7a de um adolescente portando um canivete na Escola Estadual Embaixador Jos\u00e9 Bonif\u00e1cio, localizada na Avenida Pereira Teixeira, no Centro da cidade.<\/p>\n<p>Ao chegarem ao local, os agentes foram recebidos pela vice-diretora da institui\u00e7\u00e3o, que confirmou a identifica\u00e7\u00e3o do aluno. O adolescente foi chamado \u00e0 sala da diretoria, onde foi orientado a mostrar sua mochila. Durante a abordagem, o estudante admitiu que o canivete, com l\u00e2mina de 10 cm, estava em seu bolso e o entregou voluntariamente \u00e0 GCM.<\/p>\n<p>Questionado sobre o motivo de estar portando o canivete, o jovem afirmou que o carregava como forma de precau\u00e7\u00e3o para defesa pessoal. Diante da situa\u00e7\u00e3o, a equipe da GCM solicitou a presen\u00e7a de um respons\u00e1vel legal. A m\u00e3e do adolescente compareceu \u00e0 escola e acompanhou o filho at\u00e9 a Delegacia de Pol\u00edcia Civil, onde foram tomadas as provid\u00eancias legais necess\u00e1rias.<\/p>\n<p>Em nota oficial, a Guarda Civil Municipal de Barbacena destacou que suas a\u00e7\u00f5es nas escolas t\u00eam car\u00e1ter preventivo, visando garantir a seguran\u00e7a de alunos, educadores e da comunidade. A corpora\u00e7\u00e3o reafirmou seu compromisso em atuar em conformidade com os protocolos legais e em colabora\u00e7\u00e3o com outros \u00f3rg\u00e3os competentes.<\/p>\n","protected":false},"excerpt":{"rendered":"<p>Adolescente foi abordado ap\u00f3s den\u00fancia sobre porte de canivete na escola.<\/p>\n","protected":false},"author":5,"featured_media":3377,"comment_status":"closed","ping_status":"open","sticky":false,"template":"","format":"standard","meta":{"footnotes":""},"categories":[1361],"tags":[2193,2022,2693,1557,1608],"class_list":["post-5857","post","type-post","status-publish","format-standard","has-post-thumbnail","hentry","category-policia","tag-adolescente","tag-barbacena","tag-escola","tag-guarda-civil-municipal","tag-seguranca"],"_links":{"self":[{"href":"https:\/\/guiacataguases.com.br\/nova\/wp-json\/wp\/v2\/posts\/5857","targetHints":{"allow":["GET"]}}],"collection":[{"href":"https:\/\/guiacataguases.com.br\/nova\/wp-json\/wp\/v2\/posts"}],"about":[{"href":"https:\/\/guiacataguases.com.br\/nova\/wp-json\/wp\/v2\/types\/post"}],"author":[{"embeddable":true,"href":"https:\/\/guiacataguases.com.br\/nova\/wp-json\/wp\/v2\/users\/5"}],"replies":[{"embeddable":true,"href":"https:\/\/guiacataguases.com.br\/nova\/wp-json\/wp\/v2\/comments?post=5857"}],"version-history":[{"count":0,"href":"https:\/\/guiacataguases.com.br\/nova\/wp-json\/wp\/v2\/posts\/5857\/revisions"}],"wp:featuredmedia":[{"embeddable":true,"href":"https:\/\/guiacataguases.com.br\/nova\/wp-json\/wp\/v2\/media\/3377"}],"wp:attachment":[{"href":"https:\/\/guiacataguases.com.br\/nova\/wp-json\/wp\/v2\/media?parent=5857"}],"wp:term":[{"taxonomy":"category","embeddable":true,"href":"https:\/\/guiacataguases.com.br\/nova\/wp-json\/wp\/v2\/categories?post=5857"},{"taxonomy":"post_tag","embeddable":true,"href":"https:\/\/guiacataguases.com.br\/nova\/wp-json\/wp\/v2\/tags?post=5857"}],"curies":[{"name":"wp","href":"https:\/\/api.w.org\/{rel}","templated":true}]}}