{"id":5860,"date":"2026-04-30T08:31:33","date_gmt":"2026-04-30T11:31:33","guid":{"rendered":"https:\/\/guiacataguases.com.br\/nova\/politica\/deputado-envolvido-no-caso-dolares-na-cueca-assume-ministerio\/"},"modified":"2026-04-30T08:31:33","modified_gmt":"2026-04-30T11:31:33","slug":"deputado-envolvido-no-caso-dolares-na-cueca-assume-ministerio","status":"publish","type":"post","link":"https:\/\/guiacataguases.com.br\/nova\/politica\/deputado-envolvido-no-caso-dolares-na-cueca-assume-ministerio\/","title":{"rendered":"Deputado envolvido no caso &#8216;d\u00f3lares na cueca&#8217; assume minist\u00e9rio"},"content":{"rendered":"<p><i>Nomea\u00e7\u00e3o gera pol\u00eamica e levanta questionamentos sobre a \u00e9tica no governo.<\/i><\/p>\n<hr>\n<p>O deputado federal que se tornou conhecido por sua liga\u00e7\u00e3o com o esc\u00e2ndalo conhecido como &#8216;d\u00f3lares na cueca&#8217; foi nomeado para um cargo ministerial no governo. A decis\u00e3o, anunciada nesta semana, provocou rea\u00e7\u00f5es adversas entre os parlamentares e a sociedade civil, que questionam a \u00e9tica e a moralidade da escolha. <\/p>\n<p>O caso, que veio \u00e0 tona em 2021, envolveu a apreens\u00e3o de uma quantia significativa de dinheiro em esp\u00e9cie, supostamente escondida pelo deputado. Desde ent\u00e3o, o pol\u00edtico tem enfrentado diversas investiga\u00e7\u00f5es e cr\u00edticas, mas sua ascens\u00e3o ao minist\u00e9rio indica um fortalecimento de sua posi\u00e7\u00e3o dentro da base governista. <\/p>\n<p>Analistas pol\u00edticos veem a nomea\u00e7\u00e3o como uma estrat\u00e9gia do governo para consolidar apoio em um momento de instabilidade. Contudo, a escolha levanta preocupa\u00e7\u00f5es sobre a transpar\u00eancia e a responsabilidade dos l\u00edderes pol\u00edticos. <\/p>\n<p>A repercuss\u00e3o nas redes sociais foi imediata, com usu\u00e1rios expressando indigna\u00e7\u00e3o e cobrando mais rigor nas nomea\u00e7\u00f5es p\u00fablicas. A expectativa agora \u00e9 se essa decis\u00e3o ter\u00e1 impacto nas pr\u00f3ximas vota\u00e7\u00f5es no Congresso e na imagem do governo perante a popula\u00e7\u00e3o.<\/p>\n","protected":false},"excerpt":{"rendered":"<p>Deputado ligado ao esc\u00e2ndalo &#8216;d\u00f3lares na cueca&#8217; \u00e9 nomeado para minist\u00e9rio, gerando pol\u00eamica.<\/p>\n","protected":false},"author":5,"featured_media":3322,"comment_status":"closed","ping_status":"open","sticky":false,"template":"","format":"standard","meta":{"footnotes":""},"categories":[1360],"tags":[3951,3375,1654,3950,1584],"class_list":["post-5860","post","type-post","status-publish","format-standard","has-post-thumbnail","hentry","category-politica","tag-escandalo","tag-etica","tag-governo","tag-ministerio","tag-politica"],"_links":{"self":[{"href":"https:\/\/guiacataguases.com.br\/nova\/wp-json\/wp\/v2\/posts\/5860","targetHints":{"allow":["GET"]}}],"collection":[{"href":"https:\/\/guiacataguases.com.br\/nova\/wp-json\/wp\/v2\/posts"}],"about":[{"href":"https:\/\/guiacataguases.com.br\/nova\/wp-json\/wp\/v2\/types\/post"}],"author":[{"embeddable":true,"href":"https:\/\/guiacataguases.com.br\/nova\/wp-json\/wp\/v2\/users\/5"}],"replies":[{"embeddable":true,"href":"https:\/\/guiacataguases.com.br\/nova\/wp-json\/wp\/v2\/comments?post=5860"}],"version-history":[{"count":0,"href":"https:\/\/guiacataguases.com.br\/nova\/wp-json\/wp\/v2\/posts\/5860\/revisions"}],"wp:featuredmedia":[{"embeddable":true,"href":"https:\/\/guiacataguases.com.br\/nova\/wp-json\/wp\/v2\/media\/3322"}],"wp:attachment":[{"href":"https:\/\/guiacataguases.com.br\/nova\/wp-json\/wp\/v2\/media?parent=5860"}],"wp:term":[{"taxonomy":"category","embeddable":true,"href":"https:\/\/guiacataguases.com.br\/nova\/wp-json\/wp\/v2\/categories?post=5860"},{"taxonomy":"post_tag","embeddable":true,"href":"https:\/\/guiacataguases.com.br\/nova\/wp-json\/wp\/v2\/tags?post=5860"}],"curies":[{"name":"wp","href":"https:\/\/api.w.org\/{rel}","templated":true}]}}