{"id":5873,"date":"2026-04-30T19:30:34","date_gmt":"2026-04-30T22:30:34","guid":{"rendered":"https:\/\/guiacataguases.com.br\/nova\/cultura\/semana-municipal-de-prevencao-de-acidentes-discute-seguranca-e-saude-mental-em-cataguases\/"},"modified":"2026-04-30T19:30:34","modified_gmt":"2026-04-30T22:30:34","slug":"semana-municipal-de-prevencao-de-acidentes-discute-seguranca-e-saude-mental-em-cataguases","status":"publish","type":"post","link":"https:\/\/guiacataguases.com.br\/nova\/cultura\/semana-municipal-de-prevencao-de-acidentes-discute-seguranca-e-saude-mental-em-cataguases\/","title":{"rendered":"Semana Municipal de Preven\u00e7\u00e3o de Acidentes discute seguran\u00e7a e sa\u00fade mental em Cataguases"},"content":{"rendered":"<p><i>Debates abordam temas relevantes como seguran\u00e7a no trabalho e tr\u00e2nsito.<\/i><\/p>\n<hr>\n<p>A Semana Municipal de Preven\u00e7\u00e3o de Acidentes, realizada em Cataguases, promoveu uma s\u00e9rie de debates focados em seguran\u00e7a, sa\u00fade mental e tr\u00e2nsito. O evento, que visa conscientizar a popula\u00e7\u00e3o sobre a import\u00e2ncia da preven\u00e7\u00e3o de acidentes, contou com a participa\u00e7\u00e3o de especialistas e autoridades locais.<\/p>\n<p>Durante a semana, foram abordados temas como a import\u00e2ncia da sa\u00fade mental no ambiente de trabalho e a seguran\u00e7a no tr\u00e2nsito, quest\u00f5es que afetam diretamente a qualidade de vida da comunidade. As discuss\u00f5es foram enriquecidas com a troca de experi\u00eancias e a apresenta\u00e7\u00e3o de dados relevantes sobre acidentes na regi\u00e3o.<\/p>\n<p>Al\u00e9m dos debates, a programa\u00e7\u00e3o incluiu palestras e atividades interativas, proporcionando um espa\u00e7o para que os participantes pudessem aprender e compartilhar conhecimentos sobre pr\u00e1ticas seguras no dia a dia. A iniciativa \u00e9 parte de um esfor\u00e7o cont\u00ednuo para reduzir o n\u00famero de acidentes e promover um ambiente mais seguro para todos os cidad\u00e3os de Cataguases.<\/p>\n","protected":false},"excerpt":{"rendered":"<p>Evento em Cataguases discute seguran\u00e7a, sa\u00fade mental e tr\u00e2nsito, com debates e palestras.<\/p>\n","protected":false},"author":5,"featured_media":3315,"comment_status":"closed","ping_status":"open","sticky":false,"template":"","format":"standard","meta":{"footnotes":""},"categories":[1364],"tags":[1201,2114,1640,1608,1285],"class_list":["post-5873","post","type-post","status-publish","format-standard","has-post-thumbnail","hentry","category-cultura","tag-cataguases","tag-evento","tag-saude-mental","tag-seguranca","tag-transito"],"_links":{"self":[{"href":"https:\/\/guiacataguases.com.br\/nova\/wp-json\/wp\/v2\/posts\/5873","targetHints":{"allow":["GET"]}}],"collection":[{"href":"https:\/\/guiacataguases.com.br\/nova\/wp-json\/wp\/v2\/posts"}],"about":[{"href":"https:\/\/guiacataguases.com.br\/nova\/wp-json\/wp\/v2\/types\/post"}],"author":[{"embeddable":true,"href":"https:\/\/guiacataguases.com.br\/nova\/wp-json\/wp\/v2\/users\/5"}],"replies":[{"embeddable":true,"href":"https:\/\/guiacataguases.com.br\/nova\/wp-json\/wp\/v2\/comments?post=5873"}],"version-history":[{"count":0,"href":"https:\/\/guiacataguases.com.br\/nova\/wp-json\/wp\/v2\/posts\/5873\/revisions"}],"wp:featuredmedia":[{"embeddable":true,"href":"https:\/\/guiacataguases.com.br\/nova\/wp-json\/wp\/v2\/media\/3315"}],"wp:attachment":[{"href":"https:\/\/guiacataguases.com.br\/nova\/wp-json\/wp\/v2\/media?parent=5873"}],"wp:term":[{"taxonomy":"category","embeddable":true,"href":"https:\/\/guiacataguases.com.br\/nova\/wp-json\/wp\/v2\/categories?post=5873"},{"taxonomy":"post_tag","embeddable":true,"href":"https:\/\/guiacataguases.com.br\/nova\/wp-json\/wp\/v2\/tags?post=5873"}],"curies":[{"name":"wp","href":"https:\/\/api.w.org\/{rel}","templated":true}]}}