{"id":5874,"date":"2026-04-30T19:30:45","date_gmt":"2026-04-30T22:30:45","guid":{"rendered":"https:\/\/guiacataguases.com.br\/nova\/saude\/fundacao-cristiano-varella-avanca-em-saude-sustentavel-com-agenda-esg\/"},"modified":"2026-04-30T19:30:45","modified_gmt":"2026-04-30T22:30:45","slug":"fundacao-cristiano-varella-avanca-em-saude-sustentavel-com-agenda-esg","status":"publish","type":"post","link":"https:\/\/guiacataguases.com.br\/nova\/saude\/fundacao-cristiano-varella-avanca-em-saude-sustentavel-com-agenda-esg\/","title":{"rendered":"Funda\u00e7\u00e3o Cristiano Varella avan\u00e7a em sa\u00fade sustent\u00e1vel com agenda ESG"},"content":{"rendered":"<p><i>Iniciativas visam promover pr\u00e1ticas de sa\u00fade mais conscientes e sustent\u00e1veis na regi\u00e3o.<\/i><\/p>\n<hr>\n<p>A Funda\u00e7\u00e3o Cristiano Varella est\u00e1 implementando uma agenda de pr\u00e1ticas sustent\u00e1veis na \u00e1rea da sa\u00fade, alinhando-se aos princ\u00edpios ESG (Ambientais, Sociais e de Governan\u00e7a). A iniciativa visa n\u00e3o apenas melhorar a qualidade dos servi\u00e7os de sa\u00fade, mas tamb\u00e9m promover a conscientiza\u00e7\u00e3o sobre a import\u00e2ncia de a\u00e7\u00f5es que respeitem o meio ambiente e a sociedade.<\/p>\n<p>Entre as a\u00e7\u00f5es propostas, a funda\u00e7\u00e3o busca integrar m\u00e9todos que reduzam o impacto ambiental das atividades de sa\u00fade, al\u00e9m de incentivar a participa\u00e7\u00e3o da comunidade em projetos que promovam a sa\u00fade integral. A funda\u00e7\u00e3o acredita que a ado\u00e7\u00e3o de pr\u00e1ticas sustent\u00e1veis \u00e9 fundamental para garantir um futuro mais saud\u00e1vel para as pr\u00f3ximas gera\u00e7\u00f5es.<\/p>\n<p>Al\u00e9m disso, a Funda\u00e7\u00e3o Cristiano Varella est\u00e1 investindo em capacita\u00e7\u00f5es para seus colaboradores, com o objetivo de disseminar conhecimento sobre sa\u00fade sustent\u00e1vel. A expectativa \u00e9 que essas a\u00e7\u00f5es contribuam para a constru\u00e7\u00e3o de uma rede de cuidado que respeite tanto os profissionais de sa\u00fade quanto os pacientes e o meio ambiente.<\/p>\n","protected":false},"excerpt":{"rendered":"<p>Funda\u00e7\u00e3o Cristiano Varella avan\u00e7a com agenda ESG para promover sa\u00fade sustent\u00e1vel na regi\u00e3o.<\/p>\n","protected":false},"author":5,"featured_media":3378,"comment_status":"closed","ping_status":"open","sticky":false,"template":"","format":"standard","meta":{"footnotes":""},"categories":[1362],"tags":[3968,1313,1376,1746,1266],"class_list":["post-5874","post","type-post","status-publish","format-standard","has-post-thumbnail","hentry","category-saude","tag-agenda-esg","tag-fundacao-cristiano-varella","tag-saude","tag-sustentabilidade","tag-zona-da-mata"],"_links":{"self":[{"href":"https:\/\/guiacataguases.com.br\/nova\/wp-json\/wp\/v2\/posts\/5874","targetHints":{"allow":["GET"]}}],"collection":[{"href":"https:\/\/guiacataguases.com.br\/nova\/wp-json\/wp\/v2\/posts"}],"about":[{"href":"https:\/\/guiacataguases.com.br\/nova\/wp-json\/wp\/v2\/types\/post"}],"author":[{"embeddable":true,"href":"https:\/\/guiacataguases.com.br\/nova\/wp-json\/wp\/v2\/users\/5"}],"replies":[{"embeddable":true,"href":"https:\/\/guiacataguases.com.br\/nova\/wp-json\/wp\/v2\/comments?post=5874"}],"version-history":[{"count":0,"href":"https:\/\/guiacataguases.com.br\/nova\/wp-json\/wp\/v2\/posts\/5874\/revisions"}],"wp:featuredmedia":[{"embeddable":true,"href":"https:\/\/guiacataguases.com.br\/nova\/wp-json\/wp\/v2\/media\/3378"}],"wp:attachment":[{"href":"https:\/\/guiacataguases.com.br\/nova\/wp-json\/wp\/v2\/media?parent=5874"}],"wp:term":[{"taxonomy":"category","embeddable":true,"href":"https:\/\/guiacataguases.com.br\/nova\/wp-json\/wp\/v2\/categories?post=5874"},{"taxonomy":"post_tag","embeddable":true,"href":"https:\/\/guiacataguases.com.br\/nova\/wp-json\/wp\/v2\/tags?post=5874"}],"curies":[{"name":"wp","href":"https:\/\/api.w.org\/{rel}","templated":true}]}}