{"id":5880,"date":"2026-04-30T21:31:45","date_gmt":"2026-05-01T00:31:45","guid":{"rendered":"https:\/\/guiacataguases.com.br\/nova\/policia\/prefeita-de-juiz-de-fora-anuncia-demolicao-de-macromural-no-esplanada\/"},"modified":"2026-04-30T21:31:45","modified_gmt":"2026-05-01T00:31:45","slug":"prefeita-de-juiz-de-fora-anuncia-demolicao-de-macromural-no-esplanada","status":"publish","type":"post","link":"https:\/\/guiacataguases.com.br\/nova\/policia\/prefeita-de-juiz-de-fora-anuncia-demolicao-de-macromural-no-esplanada\/","title":{"rendered":"Prefeita de Juiz de Fora anuncia demoli\u00e7\u00e3o de macromural no Esplanada"},"content":{"rendered":"<p><i>Decis\u00e3o foi tomada ap\u00f3s chuvas que afetaram a regi\u00e3o e tornaram o bairro inabit\u00e1vel<\/i><\/p>\n<hr>\n<p>As casas localizadas no primeiro macromural art\u00edstico de Juiz de Fora, no bairro Esplanada, ser\u00e3o demolidas. A informa\u00e7\u00e3o foi confirmada pela prefeita Margarida Salom\u00e3o (PT) durante entrevista \u00e0 TV Integra\u00e7\u00e3o nesta quinta-feira (30). A decis\u00e3o foi tomada ap\u00f3s as intensas chuvas de fevereiro, que resultaram em 66 mortes e tornaram a \u00e1rea um dos locais mais afetados.<\/p>\n<p>Embora a demoli\u00e7\u00e3o seja prevista, ainda n\u00e3o h\u00e1 uma data definida para a execu\u00e7\u00e3o do trabalho, que envolve mais de 90 im\u00f3veis. &#8220;A situa\u00e7\u00e3o \u00e9 muito prec\u00e1ria e, infelizmente, \u00e9 um bairro inabit\u00e1vel&#8221;, afirmou a prefeita, que tamb\u00e9m destacou que os moradores do bairro Tr\u00eas Moinhos ser\u00e3o inclu\u00eddos no programa de Compra Assistida.<\/p>\n<p>Al\u00e9m da demoli\u00e7\u00e3o, Margarida Salom\u00e3o falou sobre o andamento de obras de conten\u00e7\u00e3o no Morro do Cristo e as interdi\u00e7\u00f5es em ruas da cidade. O projeto de conten\u00e7\u00e3o deve custar cerca de R$ 130 milh\u00f5es, e a prefeita espera que o plano seja apresentado ao governo federal em breve para garantir os recursos necess\u00e1rios.<\/p>\n<p>As principais vias de acesso \u00e0 Cidade Alta permanecem interditadas, e a prefeita informou que a situa\u00e7\u00e3o das ruas est\u00e1 sendo avaliada para determinar a extens\u00e3o dos danos. A cidade ainda enfrenta desafios significativos ap\u00f3s as chuvas, com muitos moradores fora de suas casas e a necessidade de interven\u00e7\u00f5es urgentes.<\/p>\n","protected":false},"excerpt":{"rendered":"<p>Prefeita confirma demoli\u00e7\u00e3o do macromural no Esplanada ap\u00f3s chuvas que tornaram o bairro inabit\u00e1vel.<\/p>\n","protected":false},"author":5,"featured_media":3377,"comment_status":"closed","ping_status":"open","sticky":false,"template":"","format":"standard","meta":{"footnotes":""},"categories":[1361],"tags":[1267,3428,1264,3975,3837],"class_list":["post-5880","post","type-post","status-publish","format-standard","has-post-thumbnail","hentry","category-policia","tag-chuvas","tag-demolicao","tag-juiz-de-fora","tag-macromural","tag-margarida-salomao"],"_links":{"self":[{"href":"https:\/\/guiacataguases.com.br\/nova\/wp-json\/wp\/v2\/posts\/5880","targetHints":{"allow":["GET"]}}],"collection":[{"href":"https:\/\/guiacataguases.com.br\/nova\/wp-json\/wp\/v2\/posts"}],"about":[{"href":"https:\/\/guiacataguases.com.br\/nova\/wp-json\/wp\/v2\/types\/post"}],"author":[{"embeddable":true,"href":"https:\/\/guiacataguases.com.br\/nova\/wp-json\/wp\/v2\/users\/5"}],"replies":[{"embeddable":true,"href":"https:\/\/guiacataguases.com.br\/nova\/wp-json\/wp\/v2\/comments?post=5880"}],"version-history":[{"count":0,"href":"https:\/\/guiacataguases.com.br\/nova\/wp-json\/wp\/v2\/posts\/5880\/revisions"}],"wp:featuredmedia":[{"embeddable":true,"href":"https:\/\/guiacataguases.com.br\/nova\/wp-json\/wp\/v2\/media\/3377"}],"wp:attachment":[{"href":"https:\/\/guiacataguases.com.br\/nova\/wp-json\/wp\/v2\/media?parent=5880"}],"wp:term":[{"taxonomy":"category","embeddable":true,"href":"https:\/\/guiacataguases.com.br\/nova\/wp-json\/wp\/v2\/categories?post=5880"},{"taxonomy":"post_tag","embeddable":true,"href":"https:\/\/guiacataguases.com.br\/nova\/wp-json\/wp\/v2\/tags?post=5880"}],"curies":[{"name":"wp","href":"https:\/\/api.w.org\/{rel}","templated":true}]}}