{"id":5889,"date":"2026-04-30T23:32:56","date_gmt":"2026-05-01T02:32:56","guid":{"rendered":"https:\/\/guiacataguases.com.br\/nova\/saude\/crianca-de-11-anos-e-diagnosticada-com-meningite-bacteriana-em-betim\/"},"modified":"2026-04-30T23:32:56","modified_gmt":"2026-05-01T02:32:56","slug":"crianca-de-11-anos-e-diagnosticada-com-meningite-bacteriana-em-betim","status":"publish","type":"post","link":"https:\/\/guiacataguases.com.br\/nova\/saude\/crianca-de-11-anos-e-diagnosticada-com-meningite-bacteriana-em-betim\/","title":{"rendered":"Crian\u00e7a de 11 anos \u00e9 diagnosticada com meningite bacteriana em Betim"},"content":{"rendered":"<p><i>Confirma\u00e7\u00e3o foi feita pela Funed e munic\u00edpio adota medidas de controle.<\/i><\/p>\n<hr>\n<p>Uma crian\u00e7a de 11 anos foi diagnosticada com meningite bacteriana em Betim, na Regi\u00e3o Metropolitana de Belo Horizonte. O caso foi confirmado pela Funda\u00e7\u00e3o Ezequiel Dias (Funed) e mobilizou as equipes de sa\u00fade do munic\u00edpio para a ado\u00e7\u00e3o de medidas de controle e monitoramento. At\u00e9 o momento, a prefeitura informou que existem dois casos da doen\u00e7a confirmados, sem registro de \u00f3bitos.<\/p>\n<p>O diagn\u00f3stico foi feito na ter\u00e7a-feira, 28 de abril, em uma crian\u00e7a de nacionalidade estrangeira residente em Betim. Ela apresentou os primeiros sintomas no dia 23 de abril, sendo atendida na UPA de Sarzedo. Devido \u00e0 piora do quadro cl\u00ednico, a crian\u00e7a foi transferida no dia seguinte para o Hospital Municipal de Contagem, onde permanece sob cuidados intensivos.<\/p>\n<p>Em nota, a Prefeitura de Betim esclareceu que n\u00e3o houve procura por atendimento na rede municipal ap\u00f3s o in\u00edcio dos sintomas, e o \u00faltimo registro assistencial da crian\u00e7a foi em janeiro de 2025, sem rela\u00e7\u00e3o com a atual condi\u00e7\u00e3o. A paciente tamb\u00e9m apresentava comorbidade (anemia falciforme) e n\u00e3o tinha registro vacinal no Programa Nacional de Imuniza\u00e7\u00f5es.<\/p>\n<p>As medidas de controle come\u00e7aram a ser implementadas em 27 de abril, quando surgiram as suspeitas cl\u00ednicas. Entre as a\u00e7\u00f5es est\u00e3o a identifica\u00e7\u00e3o e o monitoramento de contatos domiciliares e escolares, administra\u00e7\u00e3o de medicamentos para pessoas com exposi\u00e7\u00e3o pr\u00f3xima, incluindo todos os alunos da turma da crian\u00e7a infectada, e acompanhamento cont\u00ednuo pela Aten\u00e7\u00e3o Prim\u00e1ria \u00e0 Sa\u00fade. Um posto volante de vacina\u00e7\u00e3o foi instalado na escola da crian\u00e7a para verificar a situa\u00e7\u00e3o vacinal e oferecer as doses necess\u00e1rias.<\/p>\n<p>A Secretaria Municipal de Sa\u00fade de Betim informou que a meningite bacteriana \u00e9 uma inflama\u00e7\u00e3o das membranas que envolvem o c\u00e9rebro e a medula espinhal, transmitida por contato direto com secre\u00e7\u00f5es respirat\u00f3rias de pessoas infectadas. Os casos da doen\u00e7a s\u00e3o mais comuns no outono e no inverno. N\u00e3o h\u00e1 recomenda\u00e7\u00f5es para suspens\u00e3o de aulas ou ado\u00e7\u00e3o de m\u00e1scaras, pois o controle se d\u00e1 por meio da identifica\u00e7\u00e3o de contatos e vacina\u00e7\u00e3o. A vacina\u00e7\u00e3o continua sendo a principal estrat\u00e9gia de preven\u00e7\u00e3o, com cobertura vacinal em 93,63% para crian\u00e7as menores de 1 ano em 2026.<\/p>\n","protected":false},"excerpt":{"rendered":"<p>Uma crian\u00e7a de 11 anos foi diagnosticada com meningite bacteriana em Betim, levando a medidas de controle pela sa\u00fade municipal.<\/p>\n","protected":false},"author":5,"featured_media":3378,"comment_status":"closed","ping_status":"open","sticky":false,"template":"","format":"standard","meta":{"footnotes":""},"categories":[1362],"tags":[1958,3988,3987,1376,1750],"class_list":["post-5889","post","type-post","status-publish","format-standard","has-post-thumbnail","hentry","category-saude","tag-betim","tag-infancia","tag-meningite","tag-saude","tag-vacinacao"],"_links":{"self":[{"href":"https:\/\/guiacataguases.com.br\/nova\/wp-json\/wp\/v2\/posts\/5889","targetHints":{"allow":["GET"]}}],"collection":[{"href":"https:\/\/guiacataguases.com.br\/nova\/wp-json\/wp\/v2\/posts"}],"about":[{"href":"https:\/\/guiacataguases.com.br\/nova\/wp-json\/wp\/v2\/types\/post"}],"author":[{"embeddable":true,"href":"https:\/\/guiacataguases.com.br\/nova\/wp-json\/wp\/v2\/users\/5"}],"replies":[{"embeddable":true,"href":"https:\/\/guiacataguases.com.br\/nova\/wp-json\/wp\/v2\/comments?post=5889"}],"version-history":[{"count":0,"href":"https:\/\/guiacataguases.com.br\/nova\/wp-json\/wp\/v2\/posts\/5889\/revisions"}],"wp:featuredmedia":[{"embeddable":true,"href":"https:\/\/guiacataguases.com.br\/nova\/wp-json\/wp\/v2\/media\/3378"}],"wp:attachment":[{"href":"https:\/\/guiacataguases.com.br\/nova\/wp-json\/wp\/v2\/media?parent=5889"}],"wp:term":[{"taxonomy":"category","embeddable":true,"href":"https:\/\/guiacataguases.com.br\/nova\/wp-json\/wp\/v2\/categories?post=5889"},{"taxonomy":"post_tag","embeddable":true,"href":"https:\/\/guiacataguases.com.br\/nova\/wp-json\/wp\/v2\/tags?post=5889"}],"curies":[{"name":"wp","href":"https:\/\/api.w.org\/{rel}","templated":true}]}}