{"id":5890,"date":"2026-04-30T23:33:08","date_gmt":"2026-05-01T02:33:08","guid":{"rendered":"https:\/\/guiacataguases.com.br\/nova\/cultura\/chico-cesar-e-homenageado-com-titulo-de-cidadao-honorario-de-minas-gerais\/"},"modified":"2026-04-30T23:33:08","modified_gmt":"2026-05-01T02:33:08","slug":"chico-cesar-e-homenageado-com-titulo-de-cidadao-honorario-de-minas-gerais","status":"publish","type":"post","link":"https:\/\/guiacataguases.com.br\/nova\/cultura\/chico-cesar-e-homenageado-com-titulo-de-cidadao-honorario-de-minas-gerais\/","title":{"rendered":"Chico C\u00e9sar \u00e9 homenageado com t\u00edtulo de Cidad\u00e3o Honor\u00e1rio de Minas Gerais"},"content":{"rendered":"<p><i>Reconhecimento destaca a contribui\u00e7\u00e3o do artista para a cultura e debates sociais no estado.<\/i><\/p>\n<hr>\n<p>O cantor e compositor Chico C\u00e9sar, natural da Para\u00edba, foi agraciado com o t\u00edtulo de Cidad\u00e3o Honor\u00e1rio de Minas Gerais, em uma proposta aprovada em primeiro turno pela Assembleia Legislativa do estado (ALMG). A iniciativa partiu da deputada estadual Andreia de Jesus (PT), que ressaltou a import\u00e2ncia do artista na identidade cultural e nos debates sociais da regi\u00e3o.<\/p>\n<p>Chico C\u00e9sar \u00e9 amplamente reconhecido n\u00e3o apenas por sua carreira musical, mas tamb\u00e9m por sua atua\u00e7\u00e3o como escritor e gestor cultural. Com forte influ\u00eancia em Minas Gerais, o artista mant\u00e9m v\u00ednculos frequentes com atividades culturais, promovendo reflex\u00f5es sobre temas como identidade negra e combate ao racismo.<\/p>\n<p>A deputada Andreia de Jesus expressou seu orgulho em ser autora do projeto, afirmando que a homenagem \u00e9 uma forma de valorizar a presen\u00e7a e a influ\u00eancia da cultura negra no estado. &#8220;Chico C\u00e9sar \u00e9 um artista sens\u00edvel, que traz reflex\u00f5es fundamentais sobre identidade negra, racismo e sociedade. Minas \u00e9 negra, e reconhecer esse trabalho \u00e9 essencial&#8221;, destacou.<\/p>\n<p>Com a proposta j\u00e1 aprovada, a Assembleia Legislativa est\u00e1 em contato com representantes do artista para organizar a cerim\u00f4nia de entrega do t\u00edtulo, que deve ocorrer em breve, com detalhes a serem divulgados posteriormente.<\/p>\n","protected":false},"excerpt":{"rendered":"<p>Chico C\u00e9sar recebe t\u00edtulo de Cidad\u00e3o Honor\u00e1rio de Minas Gerais, destacando sua contribui\u00e7\u00e3o cultural e social.<\/p>\n","protected":false},"author":5,"featured_media":3303,"comment_status":"closed","ping_status":"open","sticky":false,"template":"","format":"standard","meta":{"footnotes":""},"categories":[1364],"tags":[1882,3989,3990,1510,1316],"class_list":["post-5890","post","type-post","status-publish","format-standard","has-post-thumbnail","hentry","category-cultura","tag-almg","tag-chico-cesar","tag-cidadao-honorario","tag-cultura","tag-minas-gerais"],"_links":{"self":[{"href":"https:\/\/guiacataguases.com.br\/nova\/wp-json\/wp\/v2\/posts\/5890","targetHints":{"allow":["GET"]}}],"collection":[{"href":"https:\/\/guiacataguases.com.br\/nova\/wp-json\/wp\/v2\/posts"}],"about":[{"href":"https:\/\/guiacataguases.com.br\/nova\/wp-json\/wp\/v2\/types\/post"}],"author":[{"embeddable":true,"href":"https:\/\/guiacataguases.com.br\/nova\/wp-json\/wp\/v2\/users\/5"}],"replies":[{"embeddable":true,"href":"https:\/\/guiacataguases.com.br\/nova\/wp-json\/wp\/v2\/comments?post=5890"}],"version-history":[{"count":0,"href":"https:\/\/guiacataguases.com.br\/nova\/wp-json\/wp\/v2\/posts\/5890\/revisions"}],"wp:featuredmedia":[{"embeddable":true,"href":"https:\/\/guiacataguases.com.br\/nova\/wp-json\/wp\/v2\/media\/3303"}],"wp:attachment":[{"href":"https:\/\/guiacataguases.com.br\/nova\/wp-json\/wp\/v2\/media?parent=5890"}],"wp:term":[{"taxonomy":"category","embeddable":true,"href":"https:\/\/guiacataguases.com.br\/nova\/wp-json\/wp\/v2\/categories?post=5890"},{"taxonomy":"post_tag","embeddable":true,"href":"https:\/\/guiacataguases.com.br\/nova\/wp-json\/wp\/v2\/tags?post=5890"}],"curies":[{"name":"wp","href":"https:\/\/api.w.org\/{rel}","templated":true}]}}