{"id":5897,"date":"2026-05-01T12:31:38","date_gmt":"2026-05-01T15:31:38","guid":{"rendered":"https:\/\/guiacataguases.com.br\/nova\/politica\/cut-mg-defende-reducao-da-jornada-de-trabalho-durante-ato-em-belo-horizonte\/"},"modified":"2026-05-01T12:31:38","modified_gmt":"2026-05-01T15:31:38","slug":"cut-mg-defende-reducao-da-jornada-de-trabalho-durante-ato-em-belo-horizonte","status":"publish","type":"post","link":"https:\/\/guiacataguases.com.br\/nova\/politica\/cut-mg-defende-reducao-da-jornada-de-trabalho-durante-ato-em-belo-horizonte\/","title":{"rendered":"CUT-MG defende redu\u00e7\u00e3o da jornada de trabalho durante ato em Belo Horizonte"},"content":{"rendered":"<p><i>Presidente da CUT-MG critica modelo 6&#215;1 e prop\u00f5e escalas mais equilibradas.<\/i><\/p>\n<hr>\n<p>Durante a manifesta\u00e7\u00e3o do Dia do Trabalhador, realizada na Pra\u00e7a Raul Soares em Belo Horizonte, o presidente da Central \u00danica dos Trabalhadores em Minas Gerais (CUT-MG), Jairo Nogueira, expressou sua cr\u00edtica ao atual modelo de jornada de trabalho no Brasil. Ele defendeu o fim da escala 6&#215;1, que foi analisada recentemente pela C\u00e2mara dos Deputados, argumentando que essa organiza\u00e7\u00e3o imp\u00f5e rotinas exaustivas que afetam diretamente o bem-estar dos trabalhadores.<\/p>\n<p>Nogueira destacou que, na escala 6&#215;1, o \u00fanico dia de folga muitas vezes cai em uma segunda-feira, o que, segundo ele, prejudica especialmente as mulheres e a conviv\u00eancia familiar. &#8220;A organiza\u00e7\u00e3o atual da jornada n\u00e3o prioriza o trabalhador. \u00c9 um modelo que imp\u00f5e desgaste constante e afeta diretamente a vida das pessoas&#8221;, afirmou.<\/p>\n<p>O dirigente sindical prop\u00f4s a ado\u00e7\u00e3o de escalas mais equilibradas, com dois dias de folga por semana ou at\u00e9 mesmo a implementa\u00e7\u00e3o de um regime de quatro dias de trabalho seguidos por tr\u00eas de descanso. &#8220;Com a tecnologia e a organiza\u00e7\u00e3o atual do trabalho, \u00e9 plenamente poss\u00edvel reduzir a jornada sem reduzir sal\u00e1rios \u2014 e isso pode, inclusive, aumentar a produtividade&#8221;, disse.<\/p>\n<p>Nogueira tamb\u00e9m enfatizou a import\u00e2ncia do tempo livre para atividades pessoais, como lazer e conviv\u00eancia familiar, afirmando que a limita\u00e7\u00e3o a apenas um dia de descanso semanal impede que essas atividades sejam realizadas. Ele alertou que a jornada com apenas um dia de descanso impacta a sa\u00fade mental dos trabalhadores, aumentando casos de esgotamento e reduzindo a produtividade.<\/p>\n","protected":false},"excerpt":{"rendered":"<p>CUT-MG critica a jornada 6&#215;1 durante ato em BH e prop\u00f5e escalas mais equilibradas.<\/p>\n","protected":false},"author":5,"featured_media":3323,"comment_status":"closed","ping_status":"open","sticky":false,"template":"","format":"standard","meta":{"footnotes":""},"categories":[1360],"tags":[1447,3997,2689,3513,3514],"class_list":["post-5897","post","type-post","status-publish","format-standard","has-post-thumbnail","hentry","category-politica","tag-belo-horizonte","tag-cut-mg","tag-direitos-trabalhistas","tag-escala-6x1","tag-jornada-de-trabalho"],"_links":{"self":[{"href":"https:\/\/guiacataguases.com.br\/nova\/wp-json\/wp\/v2\/posts\/5897","targetHints":{"allow":["GET"]}}],"collection":[{"href":"https:\/\/guiacataguases.com.br\/nova\/wp-json\/wp\/v2\/posts"}],"about":[{"href":"https:\/\/guiacataguases.com.br\/nova\/wp-json\/wp\/v2\/types\/post"}],"author":[{"embeddable":true,"href":"https:\/\/guiacataguases.com.br\/nova\/wp-json\/wp\/v2\/users\/5"}],"replies":[{"embeddable":true,"href":"https:\/\/guiacataguases.com.br\/nova\/wp-json\/wp\/v2\/comments?post=5897"}],"version-history":[{"count":0,"href":"https:\/\/guiacataguases.com.br\/nova\/wp-json\/wp\/v2\/posts\/5897\/revisions"}],"wp:featuredmedia":[{"embeddable":true,"href":"https:\/\/guiacataguases.com.br\/nova\/wp-json\/wp\/v2\/media\/3323"}],"wp:attachment":[{"href":"https:\/\/guiacataguases.com.br\/nova\/wp-json\/wp\/v2\/media?parent=5897"}],"wp:term":[{"taxonomy":"category","embeddable":true,"href":"https:\/\/guiacataguases.com.br\/nova\/wp-json\/wp\/v2\/categories?post=5897"},{"taxonomy":"post_tag","embeddable":true,"href":"https:\/\/guiacataguases.com.br\/nova\/wp-json\/wp\/v2\/tags?post=5897"}],"curies":[{"name":"wp","href":"https:\/\/api.w.org\/{rel}","templated":true}]}}