{"id":5898,"date":"2026-05-01T12:31:45","date_gmt":"2026-05-01T15:31:45","guid":{"rendered":"https:\/\/guiacataguases.com.br\/nova\/policia\/homem-condenado-por-estupro-do-proprio-filho-e-preso-em-clinica-em-montes-claros\/"},"modified":"2026-05-01T12:31:45","modified_gmt":"2026-05-01T15:31:45","slug":"homem-condenado-por-estupro-do-proprio-filho-e-preso-em-clinica-em-montes-claros","status":"publish","type":"post","link":"https:\/\/guiacataguases.com.br\/nova\/policia\/homem-condenado-por-estupro-do-proprio-filho-e-preso-em-clinica-em-montes-claros\/","title":{"rendered":"Homem condenado por estupro do pr\u00f3prio filho \u00e9 preso em cl\u00ednica em Montes Claros"},"content":{"rendered":"<p><i>Sentenciado a 12 anos de reclus\u00e3o, ele foi localizado em uma institui\u00e7\u00e3o de reabilita\u00e7\u00e3o.<\/i><\/p>\n<hr>\n<p>Um homem de 38 anos, condenado a 12 anos de pris\u00e3o por abusar do pr\u00f3prio filho, foi preso na tarde de quinta-feira (30) em uma cl\u00ednica de reabilita\u00e7\u00e3o em Montes Claros, no Norte de Minas Gerais. O crime ocorreu em outubro de 2021 na cidade de Turmalina, e a Pol\u00edcia Civil de Minas Gerais (PCMG) cumpriu o mandado de pris\u00e3o ap\u00f3s monitorar o paradeiro do condenado, que estava internado devido a um hist\u00f3rico de abuso de \u00e1lcool.<\/p>\n<p>A abordagem foi realizada por agentes da delegacia de pol\u00edcia de Turmalina em conjunto com a equipe de investiga\u00e7\u00e3o de homic\u00eddios de Montes Claros. O homem foi notificado sobre a ordem judicial no momento da pris\u00e3o, que marca o fim de um ciclo de buscas desde sua condena\u00e7\u00e3o. Al\u00e9m do crime de estupro de vulner\u00e1vel, ele j\u00e1 possu\u00eda antecedentes por embriaguez ao volante e descumprimento de medidas protetivas.<\/p>\n<p>Ap\u00f3s a pris\u00e3o, o condenado ser\u00e1 transferido para o sistema prisional, onde iniciar\u00e1 o cumprimento da pena. A opera\u00e7\u00e3o policial destaca a colabora\u00e7\u00e3o entre diferentes comarcas para garantir a efetividade da justi\u00e7a em casos de viol\u00eancia sexual, que, segundo dados, afetam principalmente pessoas vulner\u00e1veis.<\/p>\n","protected":false},"excerpt":{"rendered":"<p>Homem de 38 anos foi preso em cl\u00ednica de reabilita\u00e7\u00e3o em Montes Claros ap\u00f3s condena\u00e7\u00e3o por estupro do pr\u00f3prio filho.<\/p>\n","protected":false},"author":5,"featured_media":3377,"comment_status":"closed","ping_status":"open","sticky":false,"template":"","format":"standard","meta":{"footnotes":""},"categories":[1361],"tags":[1690,1889,3757,1419,1685],"class_list":["post-5898","post","type-post","status-publish","format-standard","has-post-thumbnail","hentry","category-policia","tag-crimes","tag-estupro","tag-montes-claros","tag-policia","tag-violencia"],"_links":{"self":[{"href":"https:\/\/guiacataguases.com.br\/nova\/wp-json\/wp\/v2\/posts\/5898","targetHints":{"allow":["GET"]}}],"collection":[{"href":"https:\/\/guiacataguases.com.br\/nova\/wp-json\/wp\/v2\/posts"}],"about":[{"href":"https:\/\/guiacataguases.com.br\/nova\/wp-json\/wp\/v2\/types\/post"}],"author":[{"embeddable":true,"href":"https:\/\/guiacataguases.com.br\/nova\/wp-json\/wp\/v2\/users\/5"}],"replies":[{"embeddable":true,"href":"https:\/\/guiacataguases.com.br\/nova\/wp-json\/wp\/v2\/comments?post=5898"}],"version-history":[{"count":0,"href":"https:\/\/guiacataguases.com.br\/nova\/wp-json\/wp\/v2\/posts\/5898\/revisions"}],"wp:featuredmedia":[{"embeddable":true,"href":"https:\/\/guiacataguases.com.br\/nova\/wp-json\/wp\/v2\/media\/3377"}],"wp:attachment":[{"href":"https:\/\/guiacataguases.com.br\/nova\/wp-json\/wp\/v2\/media?parent=5898"}],"wp:term":[{"taxonomy":"category","embeddable":true,"href":"https:\/\/guiacataguases.com.br\/nova\/wp-json\/wp\/v2\/categories?post=5898"},{"taxonomy":"post_tag","embeddable":true,"href":"https:\/\/guiacataguases.com.br\/nova\/wp-json\/wp\/v2\/tags?post=5898"}],"curies":[{"name":"wp","href":"https:\/\/api.w.org\/{rel}","templated":true}]}}