{"id":5910,"date":"2026-05-01T22:31:20","date_gmt":"2026-05-02T01:31:20","guid":{"rendered":"https:\/\/guiacataguases.com.br\/nova\/politica\/igreja-universal-e-condenada-por-coacao-de-fiel-com-autismo-em-sao-paulo\/"},"modified":"2026-05-01T22:31:20","modified_gmt":"2026-05-02T01:31:20","slug":"igreja-universal-e-condenada-por-coacao-de-fiel-com-autismo-em-sao-paulo","status":"publish","type":"post","link":"https:\/\/guiacataguases.com.br\/nova\/politica\/igreja-universal-e-condenada-por-coacao-de-fiel-com-autismo-em-sao-paulo\/","title":{"rendered":"Igreja Universal \u00e9 condenada por coa\u00e7\u00e3o de fiel com autismo em S\u00e3o Paulo"},"content":{"rendered":"<p><i>Decis\u00e3o judicial reconhece pr\u00e1ticas coercitivas em rela\u00e7\u00e3o a membro da institui\u00e7\u00e3o.<\/i><\/p>\n<hr>\n<p>A Justi\u00e7a de S\u00e3o Paulo condenou a Igreja Universal do Reino de Deus por coa\u00e7\u00e3o de um fiel com autismo. O caso, que ganhou destaque nas \u00faltimas semanas, evidencia pr\u00e1ticas consideradas abusivas dentro da institui\u00e7\u00e3o religiosa. A decis\u00e3o foi proferida em um tribunal que analisou as evid\u00eancias apresentadas, incluindo testemunhos e documentos que comprovam a press\u00e3o exercida sobre o fiel.<\/p>\n<p>Segundo informa\u00e7\u00f5es do processo, o fiel, que sofre de autismo, foi submetido a situa\u00e7\u00f5es constrangedoras e coercitivas, que violaram seus direitos e sua dignidade. O juiz respons\u00e1vel pela senten\u00e7a enfatizou a import\u00e2ncia de respeitar a individualidade e as necessidades especiais dos membros da comunidade religiosa.<\/p>\n<p>A condena\u00e7\u00e3o da Igreja Universal levanta quest\u00f5es sobre a responsabilidade das institui\u00e7\u00f5es religiosas em garantir um ambiente seguro e respeitoso para todos os seus fi\u00e9is, independentemente de suas condi\u00e7\u00f5es de sa\u00fade. A decis\u00e3o judicial pode servir como um precedente importante para casos semelhantes no futuro, refor\u00e7ando a necessidade de pr\u00e1ticas \u00e9ticas dentro das organiza\u00e7\u00f5es religiosas.<\/p>\n","protected":false},"excerpt":{"rendered":"<p>Justi\u00e7a condena Igreja Universal por coa\u00e7\u00e3o de fiel com autismo em S\u00e3o Paulo, destacando pr\u00e1ticas coercitivas.<\/p>\n","protected":false},"author":5,"featured_media":3377,"comment_status":"closed","ping_status":"open","sticky":false,"template":"","format":"standard","meta":{"footnotes":""},"categories":[1360],"tags":[2530,4021,1881,4020,2560],"class_list":["post-5910","post","type-post","status-publish","format-standard","has-post-thumbnail","hentry","category-politica","tag-autismo","tag-coacao","tag-direitos-humanos","tag-igreja-universal","tag-sao-paulo"],"_links":{"self":[{"href":"https:\/\/guiacataguases.com.br\/nova\/wp-json\/wp\/v2\/posts\/5910","targetHints":{"allow":["GET"]}}],"collection":[{"href":"https:\/\/guiacataguases.com.br\/nova\/wp-json\/wp\/v2\/posts"}],"about":[{"href":"https:\/\/guiacataguases.com.br\/nova\/wp-json\/wp\/v2\/types\/post"}],"author":[{"embeddable":true,"href":"https:\/\/guiacataguases.com.br\/nova\/wp-json\/wp\/v2\/users\/5"}],"replies":[{"embeddable":true,"href":"https:\/\/guiacataguases.com.br\/nova\/wp-json\/wp\/v2\/comments?post=5910"}],"version-history":[{"count":0,"href":"https:\/\/guiacataguases.com.br\/nova\/wp-json\/wp\/v2\/posts\/5910\/revisions"}],"wp:featuredmedia":[{"embeddable":true,"href":"https:\/\/guiacataguases.com.br\/nova\/wp-json\/wp\/v2\/media\/3377"}],"wp:attachment":[{"href":"https:\/\/guiacataguases.com.br\/nova\/wp-json\/wp\/v2\/media?parent=5910"}],"wp:term":[{"taxonomy":"category","embeddable":true,"href":"https:\/\/guiacataguases.com.br\/nova\/wp-json\/wp\/v2\/categories?post=5910"},{"taxonomy":"post_tag","embeddable":true,"href":"https:\/\/guiacataguases.com.br\/nova\/wp-json\/wp\/v2\/tags?post=5910"}],"curies":[{"name":"wp","href":"https:\/\/api.w.org\/{rel}","templated":true}]}}