{"id":5913,"date":"2026-05-01T22:32:00","date_gmt":"2026-05-02T01:32:00","guid":{"rendered":"https:\/\/guiacataguases.com.br\/nova\/policia\/capotamento-na-br-040-resulta-em-morte-de-motorista-em-carandai\/"},"modified":"2026-05-01T22:32:00","modified_gmt":"2026-05-02T01:32:00","slug":"capotamento-na-br-040-resulta-em-morte-de-motorista-em-carandai","status":"publish","type":"post","link":"https:\/\/guiacataguases.com.br\/nova\/policia\/capotamento-na-br-040-resulta-em-morte-de-motorista-em-carandai\/","title":{"rendered":"Capotamento na BR-040 resulta em morte de motorista em Caranda\u00ed"},"content":{"rendered":"<p><i>Acidente ocorreu na tarde de quinta-feira (30) e mobilizou autoridades na rodovia.<\/i><\/p>\n<hr>\n<p>Um capotamento na BR-040, em Caranda\u00ed, resultou na morte de um motorista na tarde de quinta-feira, 30 de abril. Segundo informa\u00e7\u00f5es da EPR Via Mineira, concession\u00e1ria respons\u00e1vel pela rodovia, o ve\u00edculo da v\u00edtima saiu da pista e capotou, parando em um canteiro. A Pol\u00edcia Rodovi\u00e1ria Federal (PRF) e a per\u00edcia foram acionadas para atender a ocorr\u00eancia e realizar os devidos procedimentos no local.<\/p>\n<p>At\u00e9 o momento, n\u00e3o h\u00e1 informa\u00e7\u00f5es sobre as causas do acidente. Apesar da gravidade da situa\u00e7\u00e3o, a concession\u00e1ria informou que n\u00e3o houve interdi\u00e7\u00e3o da rodovia durante o atendimento da ocorr\u00eancia. O caso \u00e9 mais um lembrete da import\u00e2ncia da aten\u00e7\u00e3o e cautela ao dirigir em trechos de rodovias que podem apresentar riscos.<\/p>\n","protected":false},"excerpt":{"rendered":"<p>Um capotamento na BR-040, em Caranda\u00ed, resultou na morte de um motorista na tarde de quinta-feira, 30 de abril.<\/p>\n","protected":false},"author":5,"featured_media":3377,"comment_status":"closed","ping_status":"open","sticky":false,"template":"","format":"standard","meta":{"footnotes":""},"categories":[1361],"tags":[1677,1966,2722,1967,1842],"class_list":["post-5913","post","type-post","status-publish","format-standard","has-post-thumbnail","hentry","category-policia","tag-acidente","tag-br-040","tag-carandai","tag-epr-via-mineira","tag-policia-rodoviaria-federal"],"_links":{"self":[{"href":"https:\/\/guiacataguases.com.br\/nova\/wp-json\/wp\/v2\/posts\/5913","targetHints":{"allow":["GET"]}}],"collection":[{"href":"https:\/\/guiacataguases.com.br\/nova\/wp-json\/wp\/v2\/posts"}],"about":[{"href":"https:\/\/guiacataguases.com.br\/nova\/wp-json\/wp\/v2\/types\/post"}],"author":[{"embeddable":true,"href":"https:\/\/guiacataguases.com.br\/nova\/wp-json\/wp\/v2\/users\/5"}],"replies":[{"embeddable":true,"href":"https:\/\/guiacataguases.com.br\/nova\/wp-json\/wp\/v2\/comments?post=5913"}],"version-history":[{"count":0,"href":"https:\/\/guiacataguases.com.br\/nova\/wp-json\/wp\/v2\/posts\/5913\/revisions"}],"wp:featuredmedia":[{"embeddable":true,"href":"https:\/\/guiacataguases.com.br\/nova\/wp-json\/wp\/v2\/media\/3377"}],"wp:attachment":[{"href":"https:\/\/guiacataguases.com.br\/nova\/wp-json\/wp\/v2\/media?parent=5913"}],"wp:term":[{"taxonomy":"category","embeddable":true,"href":"https:\/\/guiacataguases.com.br\/nova\/wp-json\/wp\/v2\/categories?post=5913"},{"taxonomy":"post_tag","embeddable":true,"href":"https:\/\/guiacataguases.com.br\/nova\/wp-json\/wp\/v2\/tags?post=5913"}],"curies":[{"name":"wp","href":"https:\/\/api.w.org\/{rel}","templated":true}]}}