{"id":5916,"date":"2026-05-02T01:31:40","date_gmt":"2026-05-02T04:31:40","guid":{"rendered":"https:\/\/guiacataguases.com.br\/nova\/policia\/prefeito-de-monte-siao-denuncia-furto-de-pecas-de-onibus-escolares\/"},"modified":"2026-05-02T01:31:40","modified_gmt":"2026-05-02T04:31:40","slug":"prefeito-de-monte-siao-denuncia-furto-de-pecas-de-onibus-escolares","status":"publish","type":"post","link":"https:\/\/guiacataguases.com.br\/nova\/policia\/prefeito-de-monte-siao-denuncia-furto-de-pecas-de-onibus-escolares\/","title":{"rendered":"Prefeito de Monte Si\u00e3o denuncia furto de pe\u00e7as de \u00f4nibus escolares"},"content":{"rendered":"<p><i>Furtos ocorreram na madrugada de sexta-feira e impactam transporte escolar na cidade.<\/i><\/p>\n<hr>\n<p>Na madrugada desta sexta-feira (1\u00ba de maio), pe\u00e7as de dez \u00f4nibus escolares foram furtadas em Monte Si\u00e3o, no Sul de Minas. O prefeito Maur\u00edcio Zucato J\u00fanior (Uni\u00e3o Brasil) informou que o servidor respons\u00e1vel pela vigil\u00e2ncia dos ve\u00edculos estava ausente e n\u00e3o comunicou os supervisores sobre a situa\u00e7\u00e3o.<\/p>\n<p>De acordo com Zucato, os furtos incluem pain\u00e9is e m\u00f3dulos de \u00f4nibus, resultando na suspens\u00e3o de oito linhas do transporte escolar. As Pol\u00edcias Militar e Civil foram acionadas e j\u00e1 est\u00e3o investigando o caso. Al\u00e9m disso, o prefeito instaurou uma sindic\u00e2ncia para apurar a falta do servidor que deveria estar de plant\u00e3o.<\/p>\n<p>O prefeito tamb\u00e9m anunciou um processo de dispensa para a compra das pe\u00e7as necess\u00e1rias para substituir as que foram levadas. &#8220;Lamento, nesse Dia do Trabalhador, a gente passar por esse epis\u00f3dio na nossa cidade&#8221;, declarou Zucato.<\/p>\n<p>Moradores expressaram preocupa\u00e7\u00e3o nas redes sociais sobre o impacto do furto na rotina dos estudantes. Uma internauta comentou: &#8220;E as crian\u00e7as v\u00e3o sofrer sem o \u00f4nibus por sei l\u00e1 quanto tempo&#8221;.<\/p>\n<p>As linhas de transporte escolar suspensas s\u00e3o: 1 \u2013 Tijuco; 2 \u2013 Novo Horizonte e Jardim dos Lagos; 3 e 4 \u2013 Guarany, Parque das Fontes e Divinid\u00e3o; 10 \u2013 Jardim Am\u00e9rica 1 e Villagio; 11 \u2013 Jardim Am\u00e9rica 2 e 3; 12 \u2013 Magioli; 13 \u2013 S\u00e3o Rafael e Alto da Serra; 17 \u2013 Del Sole, Colinas e Isolino.<\/p>\n","protected":false},"excerpt":{"rendered":"<p>Furtos de pe\u00e7as de \u00f4nibus escolares em Monte Si\u00e3o resultam na suspens\u00e3o de linhas de transporte.<\/p>\n","protected":false},"author":5,"featured_media":3377,"comment_status":"closed","ping_status":"open","sticky":false,"template":"","format":"standard","meta":{"footnotes":""},"categories":[1361],"tags":[1412,4027,4028,1419,4029],"class_list":["post-5916","post","type-post","status-publish","format-standard","has-post-thumbnail","hentry","category-policia","tag-furto","tag-monte-siao","tag-onibus-escolares","tag-policia","tag-transporte-escolar"],"_links":{"self":[{"href":"https:\/\/guiacataguases.com.br\/nova\/wp-json\/wp\/v2\/posts\/5916","targetHints":{"allow":["GET"]}}],"collection":[{"href":"https:\/\/guiacataguases.com.br\/nova\/wp-json\/wp\/v2\/posts"}],"about":[{"href":"https:\/\/guiacataguases.com.br\/nova\/wp-json\/wp\/v2\/types\/post"}],"author":[{"embeddable":true,"href":"https:\/\/guiacataguases.com.br\/nova\/wp-json\/wp\/v2\/users\/5"}],"replies":[{"embeddable":true,"href":"https:\/\/guiacataguases.com.br\/nova\/wp-json\/wp\/v2\/comments?post=5916"}],"version-history":[{"count":0,"href":"https:\/\/guiacataguases.com.br\/nova\/wp-json\/wp\/v2\/posts\/5916\/revisions"}],"wp:featuredmedia":[{"embeddable":true,"href":"https:\/\/guiacataguases.com.br\/nova\/wp-json\/wp\/v2\/media\/3377"}],"wp:attachment":[{"href":"https:\/\/guiacataguases.com.br\/nova\/wp-json\/wp\/v2\/media?parent=5916"}],"wp:term":[{"taxonomy":"category","embeddable":true,"href":"https:\/\/guiacataguases.com.br\/nova\/wp-json\/wp\/v2\/categories?post=5916"},{"taxonomy":"post_tag","embeddable":true,"href":"https:\/\/guiacataguases.com.br\/nova\/wp-json\/wp\/v2\/tags?post=5916"}],"curies":[{"name":"wp","href":"https:\/\/api.w.org\/{rel}","templated":true}]}}