{"id":5918,"date":"2026-05-02T01:32:10","date_gmt":"2026-05-02T04:32:10","guid":{"rendered":"https:\/\/guiacataguases.com.br\/nova\/policia\/escalador-mineiro-morre-em-acidente-na-bahia-e-e-velado-em-belo-horizonte\/"},"modified":"2026-05-02T01:32:10","modified_gmt":"2026-05-02T04:32:10","slug":"escalador-mineiro-morre-em-acidente-na-bahia-e-e-velado-em-belo-horizonte","status":"publish","type":"post","link":"https:\/\/guiacataguases.com.br\/nova\/policia\/escalador-mineiro-morre-em-acidente-na-bahia-e-e-velado-em-belo-horizonte\/","title":{"rendered":"Escalador mineiro morre em acidente na Bahia e \u00e9 velado em Belo Horizonte"},"content":{"rendered":"<p><i>Igor Andreoni Barbabella de Oliveira, de 40 anos, caiu durante pr\u00e1tica de montanhismo em Itatim.<\/i><\/p>\n<hr>\n<p>O corpo do montanhista Igor Andreoni Barbabella de Oliveira, de 40 anos, est\u00e1 sendo velado nesta sexta-feira (1\u00ba de maio) no Zelo Memorial, localizado no Bairro Gutierrez, na Regi\u00e3o Oeste de Belo Horizonte. Igor faleceu ap\u00f3s uma queda de aproximadamente 80 metros enquanto escalava o Morro da Ponta-Aguda, no munic\u00edpio de Itatim, na Bahia, na \u00faltima ter\u00e7a-feira (28 de abril).<\/p>\n<p>De acordo com informa\u00e7\u00f5es da Pol\u00edcia Civil da Bahia, n\u00e3o foram encontrados ind\u00edcios de crime no local do acidente. O corpo do escalador foi resgatado por uma equipe do Corpo de Bombeiros Militar da Bahia, que atuou em uma \u00e1rea de dif\u00edcil acesso. No momento do acidente, Igor estava acompanhado pela namorada, Luiza Nercessian, tamb\u00e9m montanhista.<\/p>\n<p>Luiza relatou em suas redes sociais que a corda utilizada por Igor se desprendeu de uma rocha, o que resultou na queda fatal. O casal costumava compartilhar suas experi\u00eancias de escalada nas redes sociais, e pouco antes do acidente, Igor havia postado imagens do casal praticando montanhismo em outra forma\u00e7\u00e3o rochosa pr\u00f3xima ao local do acidente.<\/p>\n<p>Ap\u00f3s a trag\u00e9dia, Luiza prestou homenagens a Igor em suas redes sociais, destacando sua paix\u00e3o pela montanha e a inspira\u00e7\u00e3o que ele proporcionou a todos ao seu redor. A m\u00e3e de Igor, Marilene Vieira, tamb\u00e9m expressou seu luto nas redes sociais, afirmando: &#8220;Deus te quis mais perto dele do que de n\u00f3s&#8221;.<\/p>\n","protected":false},"excerpt":{"rendered":"<p>Igor Andreoni Barbabella de Oliveira, de 40 anos, morreu ap\u00f3s queda em montanha na Bahia e \u00e9 velado em Belo Horizonte.<\/p>\n","protected":false},"author":5,"featured_media":3377,"comment_status":"closed","ping_status":"open","sticky":false,"template":"","format":"standard","meta":{"footnotes":""},"categories":[1361],"tags":[1677,1447,1262,4030,4031],"class_list":["post-5918","post","type-post","status-publish","format-standard","has-post-thumbnail","hentry","category-policia","tag-acidente","tag-belo-horizonte","tag-corpo-de-bombeiros","tag-itatim","tag-montanhismo"],"_links":{"self":[{"href":"https:\/\/guiacataguases.com.br\/nova\/wp-json\/wp\/v2\/posts\/5918","targetHints":{"allow":["GET"]}}],"collection":[{"href":"https:\/\/guiacataguases.com.br\/nova\/wp-json\/wp\/v2\/posts"}],"about":[{"href":"https:\/\/guiacataguases.com.br\/nova\/wp-json\/wp\/v2\/types\/post"}],"author":[{"embeddable":true,"href":"https:\/\/guiacataguases.com.br\/nova\/wp-json\/wp\/v2\/users\/5"}],"replies":[{"embeddable":true,"href":"https:\/\/guiacataguases.com.br\/nova\/wp-json\/wp\/v2\/comments?post=5918"}],"version-history":[{"count":0,"href":"https:\/\/guiacataguases.com.br\/nova\/wp-json\/wp\/v2\/posts\/5918\/revisions"}],"wp:featuredmedia":[{"embeddable":true,"href":"https:\/\/guiacataguases.com.br\/nova\/wp-json\/wp\/v2\/media\/3377"}],"wp:attachment":[{"href":"https:\/\/guiacataguases.com.br\/nova\/wp-json\/wp\/v2\/media?parent=5918"}],"wp:term":[{"taxonomy":"category","embeddable":true,"href":"https:\/\/guiacataguases.com.br\/nova\/wp-json\/wp\/v2\/categories?post=5918"},{"taxonomy":"post_tag","embeddable":true,"href":"https:\/\/guiacataguases.com.br\/nova\/wp-json\/wp\/v2\/tags?post=5918"}],"curies":[{"name":"wp","href":"https:\/\/api.w.org\/{rel}","templated":true}]}}